{"id":3697,"date":"2023-12-31T15:01:21","date_gmt":"2023-12-31T14:01:21","guid":{"rendered":"https:\/\/blog.u-bourgogne.fr\/apreslang\/?p=3697"},"modified":"2024-08-29T15:03:54","modified_gmt":"2024-08-29T14:03:54","slug":"fin-du-projet-apreslang","status":"publish","type":"post","link":"https:\/\/blog.ube.fr\/apreslang\/2023\/12\/31\/fin-du-projet-apreslang\/","title":{"rendered":"Fin du projet Apr\u00e8sLang&#8217;"},"content":{"rendered":"<p>Apr\u00e8s un peu plus de 4 ans et quelques aventures, les actions du projet Apr\u00e8sLang&#8217; ont pris fin en d\u00e9cembre 2023. L&#8217;\u00e9quipe du projet tient \u00e0 remercier toutes les personnes qui ont particip\u00e9 aux actions et reste \u00e0 votre \u00e9coute.<\/p>\n","protected":false},"excerpt":{"rendered":"<p>Apr\u00e8s un peu plus de 4 ans et quelques aventures, les actions du projet Apr\u00e8sLang&#8217; ont pris fin en d\u00e9cembre 2023. L&#8217;\u00e9quipe du projet tient \u00e0 remercier toutes les personnes qui ont particip\u00e9 aux actions et reste \u00e0 votre \u00e9coute.&hellip;<\/p>\n","protected":false},"author":23,"featured_media":0,"comment_status":"open","ping_status":"open","sticky":false,"template":"","format":"standard","meta":{"_acf_changed":false,"_exactmetrics_skip_tracking":false,"_exactmetrics_sitenote_active":false,"_exactmetrics_sitenote_note":"","_exactmetrics_sitenote_category":0,"footnotes":""},"categories":[1],"tags":[],"class_list":["post-3697","post","type-post","status-publish","format-standard","hentry","category-non-classe"],"acf":[],"yoast_head":"<!-- This site is optimized with the Yoast SEO plugin v21.6 - https:\/\/yoast.com\/wordpress\/plugins\/seo\/ -->\n<title>Fin du projet Apr\u00e8sLang&#039; - Apr\u00e8sLang&#039;<\/title>\n<meta name=\"robots\" content=\"index, follow, max-snippet:-1, max-image-preview:large, max-video-preview:-1\" \/>\n<link rel=\"canonical\" href=\"https:\/\/blog.u-bourgogne.fr\/apreslang\/2023\/12\/31\/fin-du-projet-apreslang\/\" \/>\n<meta property=\"og:locale\" content=\"fr_FR\" \/>\n<meta property=\"og:type\" content=\"article\" \/>\n<meta property=\"og:title\" content=\"Fin du projet Apr\u00e8sLang&#039; - Apr\u00e8sLang&#039;\" \/>\n<meta property=\"og:description\" content=\"Apr\u00e8s un peu plus de 4 ans et quelques aventures, les actions du projet Apr\u00e8sLang&#8217; ont pris fin en d\u00e9cembre 2023. L&#8217;\u00e9quipe du projet tient \u00e0 remercier toutes les personnes qui ont particip\u00e9 aux actions et reste \u00e0 votre \u00e9coute.&hellip;\" \/>\n<meta property=\"og:url\" content=\"https:\/\/blog.u-bourgogne.fr\/apreslang\/2023\/12\/31\/fin-du-projet-apreslang\/\" \/>\n<meta property=\"og:site_name\" content=\"Apr\u00e8sLang&#039;\" \/>\n<meta property=\"article:published_time\" content=\"2023-12-31T14:01:21+00:00\" \/>\n<meta property=\"article:modified_time\" content=\"2024-08-29T14:03:54+00:00\" \/>\n<meta name=\"author\" content=\"Will Noonan\" \/>\n<meta name=\"twitter:card\" content=\"summary_large_image\" \/>\n<meta name=\"twitter:label1\" content=\"\u00c9crit par\" \/>\n\t<meta name=\"twitter:data1\" content=\"Will Noonan\" \/>\n\t<meta name=\"twitter:label2\" content=\"Dur\u00e9e de lecture estim\u00e9e\" \/>\n\t<meta name=\"twitter:data2\" content=\"1 minute\" \/>\n<script type=\"application\/ld+json\" class=\"yoast-schema-graph\">{\"@context\":\"https:\/\/schema.org\",\"@graph\":[{\"@type\":\"WebPage\",\"@id\":\"https:\/\/blog.u-bourgogne.fr\/apreslang\/2023\/12\/31\/fin-du-projet-apreslang\/\",\"url\":\"https:\/\/blog.u-bourgogne.fr\/apreslang\/2023\/12\/31\/fin-du-projet-apreslang\/\",\"name\":\"Fin du projet Apr\u00e8sLang' - Apr\u00e8sLang&#039;\",\"isPartOf\":{\"@id\":\"https:\/\/blog.u-bourgogne.fr\/apreslang\/#website\"},\"datePublished\":\"2023-12-31T14:01:21+00:00\",\"dateModified\":\"2024-08-29T14:03:54+00:00\",\"author\":{\"@id\":\"https:\/\/blog.u-bourgogne.fr\/apreslang\/#\/schema\/person\/f5566cb479f0bdfe2a820ffedf9fd57d\"},\"breadcrumb\":{\"@id\":\"https:\/\/blog.u-bourgogne.fr\/apreslang\/2023\/12\/31\/fin-du-projet-apreslang\/#breadcrumb\"},\"inLanguage\":\"fr-FR\",\"potentialAction\":[{\"@type\":\"ReadAction\",\"target\":[\"https:\/\/blog.u-bourgogne.fr\/apreslang\/2023\/12\/31\/fin-du-projet-apreslang\/\"]}]},{\"@type\":\"BreadcrumbList\",\"@id\":\"https:\/\/blog.u-bourgogne.fr\/apreslang\/2023\/12\/31\/fin-du-projet-apreslang\/#breadcrumb\",\"itemListElement\":[{\"@type\":\"ListItem\",\"position\":1,\"name\":\"Accueil\",\"item\":\"https:\/\/blog.u-bourgogne.fr\/apreslang\/\"},{\"@type\":\"ListItem\",\"position\":2,\"name\":\"Fin du projet Apr\u00e8sLang&rsquo;\"}]},{\"@type\":\"WebSite\",\"@id\":\"https:\/\/blog.u-bourgogne.fr\/apreslang\/#website\",\"url\":\"https:\/\/blog.u-bourgogne.fr\/apreslang\/\",\"name\":\"Apr\u00e8sLang&#039;\",\"description\":\"Projet d&#039;innovation p\u00e9dagogique\",\"potentialAction\":[{\"@type\":\"SearchAction\",\"target\":{\"@type\":\"EntryPoint\",\"urlTemplate\":\"https:\/\/blog.u-bourgogne.fr\/apreslang\/?s={search_term_string}\"},\"query-input\":\"required name=search_term_string\"}],\"inLanguage\":\"fr-FR\"},{\"@type\":\"Person\",\"@id\":\"https:\/\/blog.u-bourgogne.fr\/apreslang\/#\/schema\/person\/f5566cb479f0bdfe2a820ffedf9fd57d\",\"name\":\"Will Noonan\",\"image\":{\"@type\":\"ImageObject\",\"inLanguage\":\"fr-FR\",\"@id\":\"https:\/\/blog.u-bourgogne.fr\/apreslang\/#\/schema\/person\/image\/\",\"url\":\"https:\/\/secure.gravatar.com\/avatar\/598546041f0c338efdcb1759ce63982fb1b80f3b25c2d2d42feb88c4b9a44b2a?s=96&d=mm&r=g\",\"contentUrl\":\"https:\/\/secure.gravatar.com\/avatar\/598546041f0c338efdcb1759ce63982fb1b80f3b25c2d2d42feb88c4b9a44b2a?s=96&d=mm&r=g\",\"caption\":\"Will Noonan\"},\"url\":\"https:\/\/blog.ube.fr\/apreslang\/author\/wi6702no\/\"}]}<\/script>\n<!-- \/ Yoast SEO plugin. -->","yoast_head_json":{"title":"Fin du projet Apr\u00e8sLang' - Apr\u00e8sLang&#039;","robots":{"index":"index","follow":"follow","max-snippet":"max-snippet:-1","max-image-preview":"max-image-preview:large","max-video-preview":"max-video-preview:-1"},"canonical":"https:\/\/blog.u-bourgogne.fr\/apreslang\/2023\/12\/31\/fin-du-projet-apreslang\/","og_locale":"fr_FR","og_type":"article","og_title":"Fin du projet Apr\u00e8sLang' - Apr\u00e8sLang&#039;","og_description":"Apr\u00e8s un peu plus de 4 ans et quelques aventures, les actions du projet Apr\u00e8sLang&#8217; ont pris fin en d\u00e9cembre 2023. L&#8217;\u00e9quipe du projet tient \u00e0 remercier toutes les personnes qui ont particip\u00e9 aux actions et reste \u00e0 votre \u00e9coute.&hellip;","og_url":"https:\/\/blog.u-bourgogne.fr\/apreslang\/2023\/12\/31\/fin-du-projet-apreslang\/","og_site_name":"Apr\u00e8sLang&#039;","article_published_time":"2023-12-31T14:01:21+00:00","article_modified_time":"2024-08-29T14:03:54+00:00","author":"Will Noonan","twitter_card":"summary_large_image","twitter_misc":{"\u00c9crit par":"Will Noonan","Dur\u00e9e de lecture estim\u00e9e":"1 minute"},"schema":{"@context":"https:\/\/schema.org","@graph":[{"@type":"WebPage","@id":"https:\/\/blog.u-bourgogne.fr\/apreslang\/2023\/12\/31\/fin-du-projet-apreslang\/","url":"https:\/\/blog.u-bourgogne.fr\/apreslang\/2023\/12\/31\/fin-du-projet-apreslang\/","name":"Fin du projet Apr\u00e8sLang' - Apr\u00e8sLang&#039;","isPartOf":{"@id":"https:\/\/blog.u-bourgogne.fr\/apreslang\/#website"},"datePublished":"2023-12-31T14:01:21+00:00","dateModified":"2024-08-29T14:03:54+00:00","author":{"@id":"https:\/\/blog.u-bourgogne.fr\/apreslang\/#\/schema\/person\/f5566cb479f0bdfe2a820ffedf9fd57d"},"breadcrumb":{"@id":"https:\/\/blog.u-bourgogne.fr\/apreslang\/2023\/12\/31\/fin-du-projet-apreslang\/#breadcrumb"},"inLanguage":"fr-FR","potentialAction":[{"@type":"ReadAction","target":["https:\/\/blog.u-bourgogne.fr\/apreslang\/2023\/12\/31\/fin-du-projet-apreslang\/"]}]},{"@type":"BreadcrumbList","@id":"https:\/\/blog.u-bourgogne.fr\/apreslang\/2023\/12\/31\/fin-du-projet-apreslang\/#breadcrumb","itemListElement":[{"@type":"ListItem","position":1,"name":"Accueil","item":"https:\/\/blog.u-bourgogne.fr\/apreslang\/"},{"@type":"ListItem","position":2,"name":"Fin du projet Apr\u00e8sLang&rsquo;"}]},{"@type":"WebSite","@id":"https:\/\/blog.u-bourgogne.fr\/apreslang\/#website","url":"https:\/\/blog.u-bourgogne.fr\/apreslang\/","name":"Apr\u00e8sLang&#039;","description":"Projet d&#039;innovation p\u00e9dagogique","potentialAction":[{"@type":"SearchAction","target":{"@type":"EntryPoint","urlTemplate":"https:\/\/blog.u-bourgogne.fr\/apreslang\/?s={search_term_string}"},"query-input":"required name=search_term_string"}],"inLanguage":"fr-FR"},{"@type":"Person","@id":"https:\/\/blog.u-bourgogne.fr\/apreslang\/#\/schema\/person\/f5566cb479f0bdfe2a820ffedf9fd57d","name":"Will Noonan","image":{"@type":"ImageObject","inLanguage":"fr-FR","@id":"https:\/\/blog.u-bourgogne.fr\/apreslang\/#\/schema\/person\/image\/","url":"https:\/\/secure.gravatar.com\/avatar\/598546041f0c338efdcb1759ce63982fb1b80f3b25c2d2d42feb88c4b9a44b2a?s=96&d=mm&r=g","contentUrl":"https:\/\/secure.gravatar.com\/avatar\/598546041f0c338efdcb1759ce63982fb1b80f3b25c2d2d42feb88c4b9a44b2a?s=96&d=mm&r=g","caption":"Will Noonan"},"url":"https:\/\/blog.ube.fr\/apreslang\/author\/wi6702no\/"}]}},"_links":{"self":[{"href":"https:\/\/blog.ube.fr\/apreslang\/wp-json\/wp\/v2\/posts\/3697","targetHints":{"allow":["GET"]}}],"collection":[{"href":"https:\/\/blog.ube.fr\/apreslang\/wp-json\/wp\/v2\/posts"}],"about":[{"href":"https:\/\/blog.ube.fr\/apreslang\/wp-json\/wp\/v2\/types\/post"}],"author":[{"embeddable":true,"href":"https:\/\/blog.ube.fr\/apreslang\/wp-json\/wp\/v2\/users\/23"}],"replies":[{"embeddable":true,"href":"https:\/\/blog.ube.fr\/apreslang\/wp-json\/wp\/v2\/comments?post=3697"}],"version-history":[{"count":1,"href":"https:\/\/blog.ube.fr\/apreslang\/wp-json\/wp\/v2\/posts\/3697\/revisions"}],"predecessor-version":[{"id":3698,"href":"https:\/\/blog.ube.fr\/apreslang\/wp-json\/wp\/v2\/posts\/3697\/revisions\/3698"}],"wp:attachment":[{"href":"https:\/\/blog.ube.fr\/apreslang\/wp-json\/wp\/v2\/media?parent=3697"}],"wp:term":[{"taxonomy":"category","embeddable":true,"href":"https:\/\/blog.ube.fr\/apreslang\/wp-json\/wp\/v2\/categories?post=3697"},{"taxonomy":"post_tag","embeddable":true,"href":"https:\/\/blog.ube.fr\/apreslang\/wp-json\/wp\/v2\/tags?post=3697"}],"curies":[{"name":"wp","href":"https:\/\/api.w.org\/{rel}","templated":true}]}}