{"id":3620,"date":"2021-10-24T13:50:06","date_gmt":"2021-10-24T12:50:06","guid":{"rendered":"http:\/\/blog.u-bourgogne.fr\/apreslang\/?p=3620"},"modified":"2021-10-24T13:50:06","modified_gmt":"2021-10-24T12:50:06","slug":"automne-2021-apreslang-se-reveille","status":"publish","type":"post","link":"https:\/\/blog.ube.fr\/apreslang\/2021\/10\/24\/automne-2021-apreslang-se-reveille\/","title":{"rendered":"Automne 2021 : Apr\u00e8sLang&#8217; se r\u00e9veille !"},"content":{"rendered":"<p>La rentr\u00e9e 2021 a \u00e9t\u00e9 un peu plus compliqu\u00e9e que pr\u00e9vue mais le projet Apr\u00e8sLang&#8217; est bien vivant et sera ravi d&#8217;accueillir des \u00e9tudiant.e.s souhaitant participer \u00e0 des actions que nous sommes en train de mettre en place pour le retour des vacances de Toussaint.<\/p>\n<p>N&#8217;h\u00e9sitez pas \u00e0 consulter le <a href=\"https:\/\/blog.ube.fr\/apreslang\/calendrier\/\">calendrier<\/a> du site Apr\u00e8sLang&#8217;, o\u00f9 vous trouverez les dates, les liens d&#8217;inscription et d&#8217;autres informations concernant les actions propos\u00e9es.<\/p>\n<p>Pour recevoir des informations par messagerie, merci de vous inscrire sur la <a href=\"https:\/\/forms.office.com\/Pages\/ResponsePage.aspx?id=r4-lL7F-uUiZZKkmWdHFuLomj85oDW5CrmvEqV4Sp-dUMjZWSERMUFBaT1E5QU8wQTA4UjgxS1JOVSQlQCN0PWcu\">liste de diffusion<\/a>. Pour toute question, vous pouvez \u00e9crire \u00e0 l&#8217;adresse <a href=\"mailto:apreslang@u-bourgogne.fr\">apreslang@u-bourgogne.fr<\/a><\/p>\n<p>Les \u00e9tudiant.e.s ayant d\u00e9j\u00e0 particip\u00e9 \u00e0 des actions dans le cadre du projet Apr\u00e8sLang&#8217; seront bient\u00f4t sollicit\u00e9.e.s pour remplir notre sondage de mi-parcours, destin\u00e9 \u00e0 \u00e9valuer la pertinence et les acquis des diff\u00e9rentes activit\u00e9s propos\u00e9es et leurs applications possibles dans nos futurs programmes d&#8217;enseignement.<\/p>\n","protected":false},"excerpt":{"rendered":"<p>La rentr\u00e9e 2021 a \u00e9t\u00e9 un peu plus compliqu\u00e9e que pr\u00e9vue mais le projet Apr\u00e8sLang&#8217; est bien vivant et sera ravi d&#8217;accueillir des \u00e9tudiant.e.s souhaitant participer \u00e0 des actions que nous sommes en train de mettre en place pour le retour des vacances de Toussaint. N&#8217;h\u00e9sitez pas \u00e0 consulter le calendrier du site Apr\u00e8sLang&#8217;, o\u00f9&hellip;<\/p>\n","protected":false},"author":23,"featured_media":0,"comment_status":"open","ping_status":"open","sticky":false,"template":"","format":"standard","meta":{"_acf_changed":false,"_exactmetrics_skip_tracking":false,"_exactmetrics_sitenote_active":false,"_exactmetrics_sitenote_note":"","_exactmetrics_sitenote_category":0,"footnotes":""},"categories":[1],"tags":[],"class_list":["post-3620","post","type-post","status-publish","format-standard","hentry","category-non-classe"],"acf":[],"yoast_head":"<!-- This site is optimized with the Yoast SEO plugin v21.6 - https:\/\/yoast.com\/wordpress\/plugins\/seo\/ -->\n<title>Automne 2021 : Apr\u00e8sLang&#039; se r\u00e9veille ! - Apr\u00e8sLang&#039;<\/title>\n<meta name=\"robots\" content=\"index, follow, max-snippet:-1, max-image-preview:large, max-video-preview:-1\" \/>\n<link rel=\"canonical\" href=\"https:\/\/blog.u-bourgogne.fr\/apreslang\/2021\/10\/24\/automne-2021-apreslang-se-reveille\/\" \/>\n<meta property=\"og:locale\" content=\"fr_FR\" \/>\n<meta property=\"og:type\" content=\"article\" \/>\n<meta property=\"og:title\" content=\"Automne 2021 : Apr\u00e8sLang&#039; se r\u00e9veille ! - Apr\u00e8sLang&#039;\" \/>\n<meta property=\"og:description\" content=\"La rentr\u00e9e 2021 a \u00e9t\u00e9 un peu plus compliqu\u00e9e que pr\u00e9vue mais le projet Apr\u00e8sLang&#8217; est bien vivant et sera ravi d&#8217;accueillir des \u00e9tudiant.e.s souhaitant participer \u00e0 des actions que nous sommes en train de mettre en place pour le retour des vacances de Toussaint. N&#8217;h\u00e9sitez pas \u00e0 consulter le calendrier du site Apr\u00e8sLang&#8217;, o\u00f9&hellip;\" \/>\n<meta property=\"og:url\" content=\"https:\/\/blog.u-bourgogne.fr\/apreslang\/2021\/10\/24\/automne-2021-apreslang-se-reveille\/\" \/>\n<meta property=\"og:site_name\" content=\"Apr\u00e8sLang&#039;\" \/>\n<meta property=\"article:published_time\" content=\"2021-10-24T12:50:06+00:00\" \/>\n<meta name=\"author\" content=\"Will Noonan\" \/>\n<meta name=\"twitter:card\" content=\"summary_large_image\" \/>\n<meta name=\"twitter:label1\" content=\"\u00c9crit par\" \/>\n\t<meta name=\"twitter:data1\" content=\"Will Noonan\" \/>\n\t<meta name=\"twitter:label2\" content=\"Dur\u00e9e de lecture estim\u00e9e\" \/>\n\t<meta name=\"twitter:data2\" content=\"1 minute\" \/>\n<script type=\"application\/ld+json\" class=\"yoast-schema-graph\">{\"@context\":\"https:\/\/schema.org\",\"@graph\":[{\"@type\":\"WebPage\",\"@id\":\"https:\/\/blog.u-bourgogne.fr\/apreslang\/2021\/10\/24\/automne-2021-apreslang-se-reveille\/\",\"url\":\"https:\/\/blog.u-bourgogne.fr\/apreslang\/2021\/10\/24\/automne-2021-apreslang-se-reveille\/\",\"name\":\"Automne 2021 : Apr\u00e8sLang' se r\u00e9veille ! - Apr\u00e8sLang&#039;\",\"isPartOf\":{\"@id\":\"https:\/\/blog.u-bourgogne.fr\/apreslang\/#website\"},\"datePublished\":\"2021-10-24T12:50:06+00:00\",\"dateModified\":\"2021-10-24T12:50:06+00:00\",\"author\":{\"@id\":\"https:\/\/blog.u-bourgogne.fr\/apreslang\/#\/schema\/person\/f5566cb479f0bdfe2a820ffedf9fd57d\"},\"breadcrumb\":{\"@id\":\"https:\/\/blog.u-bourgogne.fr\/apreslang\/2021\/10\/24\/automne-2021-apreslang-se-reveille\/#breadcrumb\"},\"inLanguage\":\"fr-FR\",\"potentialAction\":[{\"@type\":\"ReadAction\",\"target\":[\"https:\/\/blog.u-bourgogne.fr\/apreslang\/2021\/10\/24\/automne-2021-apreslang-se-reveille\/\"]}]},{\"@type\":\"BreadcrumbList\",\"@id\":\"https:\/\/blog.u-bourgogne.fr\/apreslang\/2021\/10\/24\/automne-2021-apreslang-se-reveille\/#breadcrumb\",\"itemListElement\":[{\"@type\":\"ListItem\",\"position\":1,\"name\":\"Accueil\",\"item\":\"https:\/\/blog.u-bourgogne.fr\/apreslang\/\"},{\"@type\":\"ListItem\",\"position\":2,\"name\":\"Automne 2021 : Apr\u00e8sLang&rsquo; se r\u00e9veille !\"}]},{\"@type\":\"WebSite\",\"@id\":\"https:\/\/blog.u-bourgogne.fr\/apreslang\/#website\",\"url\":\"https:\/\/blog.u-bourgogne.fr\/apreslang\/\",\"name\":\"Apr\u00e8sLang&#039;\",\"description\":\"Projet d&#039;innovation p\u00e9dagogique\",\"potentialAction\":[{\"@type\":\"SearchAction\",\"target\":{\"@type\":\"EntryPoint\",\"urlTemplate\":\"https:\/\/blog.u-bourgogne.fr\/apreslang\/?s={search_term_string}\"},\"query-input\":\"required name=search_term_string\"}],\"inLanguage\":\"fr-FR\"},{\"@type\":\"Person\",\"@id\":\"https:\/\/blog.u-bourgogne.fr\/apreslang\/#\/schema\/person\/f5566cb479f0bdfe2a820ffedf9fd57d\",\"name\":\"Will Noonan\",\"image\":{\"@type\":\"ImageObject\",\"inLanguage\":\"fr-FR\",\"@id\":\"https:\/\/blog.u-bourgogne.fr\/apreslang\/#\/schema\/person\/image\/\",\"url\":\"https:\/\/secure.gravatar.com\/avatar\/598546041f0c338efdcb1759ce63982fb1b80f3b25c2d2d42feb88c4b9a44b2a?s=96&d=mm&r=g\",\"contentUrl\":\"https:\/\/secure.gravatar.com\/avatar\/598546041f0c338efdcb1759ce63982fb1b80f3b25c2d2d42feb88c4b9a44b2a?s=96&d=mm&r=g\",\"caption\":\"Will Noonan\"},\"url\":\"https:\/\/blog.ube.fr\/apreslang\/author\/wi6702no\/\"}]}<\/script>\n<!-- \/ Yoast SEO plugin. -->","yoast_head_json":{"title":"Automne 2021 : Apr\u00e8sLang' se r\u00e9veille ! - Apr\u00e8sLang&#039;","robots":{"index":"index","follow":"follow","max-snippet":"max-snippet:-1","max-image-preview":"max-image-preview:large","max-video-preview":"max-video-preview:-1"},"canonical":"https:\/\/blog.u-bourgogne.fr\/apreslang\/2021\/10\/24\/automne-2021-apreslang-se-reveille\/","og_locale":"fr_FR","og_type":"article","og_title":"Automne 2021 : Apr\u00e8sLang' se r\u00e9veille ! - Apr\u00e8sLang&#039;","og_description":"La rentr\u00e9e 2021 a \u00e9t\u00e9 un peu plus compliqu\u00e9e que pr\u00e9vue mais le projet Apr\u00e8sLang&#8217; est bien vivant et sera ravi d&#8217;accueillir des \u00e9tudiant.e.s souhaitant participer \u00e0 des actions que nous sommes en train de mettre en place pour le retour des vacances de Toussaint. N&#8217;h\u00e9sitez pas \u00e0 consulter le calendrier du site Apr\u00e8sLang&#8217;, o\u00f9&hellip;","og_url":"https:\/\/blog.u-bourgogne.fr\/apreslang\/2021\/10\/24\/automne-2021-apreslang-se-reveille\/","og_site_name":"Apr\u00e8sLang&#039;","article_published_time":"2021-10-24T12:50:06+00:00","author":"Will Noonan","twitter_card":"summary_large_image","twitter_misc":{"\u00c9crit par":"Will Noonan","Dur\u00e9e de lecture estim\u00e9e":"1 minute"},"schema":{"@context":"https:\/\/schema.org","@graph":[{"@type":"WebPage","@id":"https:\/\/blog.u-bourgogne.fr\/apreslang\/2021\/10\/24\/automne-2021-apreslang-se-reveille\/","url":"https:\/\/blog.u-bourgogne.fr\/apreslang\/2021\/10\/24\/automne-2021-apreslang-se-reveille\/","name":"Automne 2021 : Apr\u00e8sLang' se r\u00e9veille ! - Apr\u00e8sLang&#039;","isPartOf":{"@id":"https:\/\/blog.u-bourgogne.fr\/apreslang\/#website"},"datePublished":"2021-10-24T12:50:06+00:00","dateModified":"2021-10-24T12:50:06+00:00","author":{"@id":"https:\/\/blog.u-bourgogne.fr\/apreslang\/#\/schema\/person\/f5566cb479f0bdfe2a820ffedf9fd57d"},"breadcrumb":{"@id":"https:\/\/blog.u-bourgogne.fr\/apreslang\/2021\/10\/24\/automne-2021-apreslang-se-reveille\/#breadcrumb"},"inLanguage":"fr-FR","potentialAction":[{"@type":"ReadAction","target":["https:\/\/blog.u-bourgogne.fr\/apreslang\/2021\/10\/24\/automne-2021-apreslang-se-reveille\/"]}]},{"@type":"BreadcrumbList","@id":"https:\/\/blog.u-bourgogne.fr\/apreslang\/2021\/10\/24\/automne-2021-apreslang-se-reveille\/#breadcrumb","itemListElement":[{"@type":"ListItem","position":1,"name":"Accueil","item":"https:\/\/blog.u-bourgogne.fr\/apreslang\/"},{"@type":"ListItem","position":2,"name":"Automne 2021 : Apr\u00e8sLang&rsquo; se r\u00e9veille !"}]},{"@type":"WebSite","@id":"https:\/\/blog.u-bourgogne.fr\/apreslang\/#website","url":"https:\/\/blog.u-bourgogne.fr\/apreslang\/","name":"Apr\u00e8sLang&#039;","description":"Projet d&#039;innovation p\u00e9dagogique","potentialAction":[{"@type":"SearchAction","target":{"@type":"EntryPoint","urlTemplate":"https:\/\/blog.u-bourgogne.fr\/apreslang\/?s={search_term_string}"},"query-input":"required name=search_term_string"}],"inLanguage":"fr-FR"},{"@type":"Person","@id":"https:\/\/blog.u-bourgogne.fr\/apreslang\/#\/schema\/person\/f5566cb479f0bdfe2a820ffedf9fd57d","name":"Will Noonan","image":{"@type":"ImageObject","inLanguage":"fr-FR","@id":"https:\/\/blog.u-bourgogne.fr\/apreslang\/#\/schema\/person\/image\/","url":"https:\/\/secure.gravatar.com\/avatar\/598546041f0c338efdcb1759ce63982fb1b80f3b25c2d2d42feb88c4b9a44b2a?s=96&d=mm&r=g","contentUrl":"https:\/\/secure.gravatar.com\/avatar\/598546041f0c338efdcb1759ce63982fb1b80f3b25c2d2d42feb88c4b9a44b2a?s=96&d=mm&r=g","caption":"Will Noonan"},"url":"https:\/\/blog.ube.fr\/apreslang\/author\/wi6702no\/"}]}},"_links":{"self":[{"href":"https:\/\/blog.ube.fr\/apreslang\/wp-json\/wp\/v2\/posts\/3620","targetHints":{"allow":["GET"]}}],"collection":[{"href":"https:\/\/blog.ube.fr\/apreslang\/wp-json\/wp\/v2\/posts"}],"about":[{"href":"https:\/\/blog.ube.fr\/apreslang\/wp-json\/wp\/v2\/types\/post"}],"author":[{"embeddable":true,"href":"https:\/\/blog.ube.fr\/apreslang\/wp-json\/wp\/v2\/users\/23"}],"replies":[{"embeddable":true,"href":"https:\/\/blog.ube.fr\/apreslang\/wp-json\/wp\/v2\/comments?post=3620"}],"version-history":[{"count":1,"href":"https:\/\/blog.ube.fr\/apreslang\/wp-json\/wp\/v2\/posts\/3620\/revisions"}],"predecessor-version":[{"id":3621,"href":"https:\/\/blog.ube.fr\/apreslang\/wp-json\/wp\/v2\/posts\/3620\/revisions\/3621"}],"wp:attachment":[{"href":"https:\/\/blog.ube.fr\/apreslang\/wp-json\/wp\/v2\/media?parent=3620"}],"wp:term":[{"taxonomy":"category","embeddable":true,"href":"https:\/\/blog.ube.fr\/apreslang\/wp-json\/wp\/v2\/categories?post=3620"},{"taxonomy":"post_tag","embeddable":true,"href":"https:\/\/blog.ube.fr\/apreslang\/wp-json\/wp\/v2\/tags?post=3620"}],"curies":[{"name":"wp","href":"https:\/\/api.w.org\/{rel}","templated":true}]}}