{"id":3409,"date":"2019-09-25T20:58:56","date_gmt":"2019-09-25T19:58:56","guid":{"rendered":"http:\/\/blog.u-bourgogne.fr\/apreslang\/?p=3409"},"modified":"2019-09-30T21:00:00","modified_gmt":"2019-09-30T20:00:00","slug":"projet-forthem-lancement-septembre-2019","status":"publish","type":"post","link":"https:\/\/blog.ube.fr\/apreslang\/2019\/09\/25\/projet-forthem-lancement-septembre-2019\/","title":{"rendered":"Projet FORTHEM &#8211; lancement septembre 2019"},"content":{"rendered":"<div class=\"ControlZone--position\">\n<div class=\"ControlZone-control\">\n<div data-sp-feature-tag=\"Rich Text Editor\" class=\"rte-webpart\" data-sp-feature-instance-id=\"39bc9ca0-63d1-4758-ad52-f1bcd65aef5d\">\n<div>\n<div data-automation-id=\"textBox\" class=\"cke_editable rte--read cke_editable rteEmphasis root-86\">\n<p>Projet men\u00e9 en collaboration avec les \u00e9tudiants du <a data-interception=\"on\" href=\"http:\/\/blog.ube.fr\/mastericm\/\">Master ICM<\/a>, dans le cadre du projet inter-universitaire FORTHEM.<\/p>\n<p>Mise au point et administration d&#8217;un sondage en fran\u00e7ais<span> sur les diff\u00e9rentes barri\u00e8res \u00e0 la mobilit\u00e9 pour \u00e9tudiants et personnels des universit\u00e9s \u00e0 partir de donn\u00e9es provenant des 7 universit\u00e9s de l\u2019alliance : d\u00e9terminera la strat\u00e9gie \u00ab\u00a0mobilit\u00e9\u00a0\u00bb de l\u2019alliance 2020-2025.<\/span><\/p>\n<p>Places limit\u00e9es<\/p>\n<p>Contact : apreslang@u-bourgogne.fr<\/p>\n<\/div>\n<\/div>\n<\/div>\n<\/div>\n<\/div>\n","protected":false},"excerpt":{"rendered":"<p>Projet men\u00e9 en collaboration avec les \u00e9tudiants du Master ICM, dans le cadre du projet inter-universitaire FORTHEM. Mise au point et administration d&#8217;un sondage en fran\u00e7ais sur les diff\u00e9rentes barri\u00e8res \u00e0 la mobilit\u00e9 pour \u00e9tudiants et personnels des universit\u00e9s \u00e0 partir de donn\u00e9es provenant des 7 universit\u00e9s de l\u2019alliance : d\u00e9terminera la strat\u00e9gie \u00ab\u00a0mobilit\u00e9\u00a0\u00bb de&hellip;<\/p>\n","protected":false},"author":23,"featured_media":0,"comment_status":"open","ping_status":"open","sticky":false,"template":"","format":"standard","meta":{"_acf_changed":false,"_exactmetrics_skip_tracking":false,"_exactmetrics_sitenote_active":false,"_exactmetrics_sitenote_note":"","_exactmetrics_sitenote_category":0,"footnotes":""},"categories":[22],"tags":[],"class_list":["post-3409","post","type-post","status-publish","format-standard","hentry","category-projets-tuteures"],"acf":[],"yoast_head":"<!-- This site is optimized with the Yoast SEO plugin v21.6 - https:\/\/yoast.com\/wordpress\/plugins\/seo\/ -->\n<title>Projet FORTHEM - lancement septembre 2019 - Apr\u00e8sLang&#039;<\/title>\n<meta name=\"robots\" content=\"index, follow, max-snippet:-1, max-image-preview:large, max-video-preview:-1\" \/>\n<link rel=\"canonical\" href=\"https:\/\/blog.u-bourgogne.fr\/apreslang\/2019\/09\/25\/projet-forthem-lancement-septembre-2019\/\" \/>\n<meta property=\"og:locale\" content=\"fr_FR\" \/>\n<meta property=\"og:type\" content=\"article\" \/>\n<meta property=\"og:title\" content=\"Projet FORTHEM - lancement septembre 2019 - Apr\u00e8sLang&#039;\" \/>\n<meta property=\"og:description\" content=\"Projet men\u00e9 en collaboration avec les \u00e9tudiants du Master ICM, dans le cadre du projet inter-universitaire FORTHEM. Mise au point et administration d&#8217;un sondage en fran\u00e7ais sur les diff\u00e9rentes barri\u00e8res \u00e0 la mobilit\u00e9 pour \u00e9tudiants et personnels des universit\u00e9s \u00e0 partir de donn\u00e9es provenant des 7 universit\u00e9s de l\u2019alliance : d\u00e9terminera la strat\u00e9gie \u00ab\u00a0mobilit\u00e9\u00a0\u00bb de&hellip;\" \/>\n<meta property=\"og:url\" content=\"https:\/\/blog.u-bourgogne.fr\/apreslang\/2019\/09\/25\/projet-forthem-lancement-septembre-2019\/\" \/>\n<meta property=\"og:site_name\" content=\"Apr\u00e8sLang&#039;\" \/>\n<meta property=\"article:published_time\" content=\"2019-09-25T19:58:56+00:00\" \/>\n<meta property=\"article:modified_time\" content=\"2019-09-30T20:00:00+00:00\" \/>\n<meta name=\"author\" content=\"Will Noonan\" \/>\n<meta name=\"twitter:card\" content=\"summary_large_image\" \/>\n<meta name=\"twitter:label1\" content=\"\u00c9crit par\" \/>\n\t<meta name=\"twitter:data1\" content=\"Will Noonan\" \/>\n<script type=\"application\/ld+json\" class=\"yoast-schema-graph\">{\"@context\":\"https:\/\/schema.org\",\"@graph\":[{\"@type\":\"WebPage\",\"@id\":\"https:\/\/blog.u-bourgogne.fr\/apreslang\/2019\/09\/25\/projet-forthem-lancement-septembre-2019\/\",\"url\":\"https:\/\/blog.u-bourgogne.fr\/apreslang\/2019\/09\/25\/projet-forthem-lancement-septembre-2019\/\",\"name\":\"Projet FORTHEM - lancement septembre 2019 - Apr\u00e8sLang&#039;\",\"isPartOf\":{\"@id\":\"https:\/\/blog.u-bourgogne.fr\/apreslang\/#website\"},\"datePublished\":\"2019-09-25T19:58:56+00:00\",\"dateModified\":\"2019-09-30T20:00:00+00:00\",\"author\":{\"@id\":\"https:\/\/blog.u-bourgogne.fr\/apreslang\/#\/schema\/person\/f5566cb479f0bdfe2a820ffedf9fd57d\"},\"breadcrumb\":{\"@id\":\"https:\/\/blog.u-bourgogne.fr\/apreslang\/2019\/09\/25\/projet-forthem-lancement-septembre-2019\/#breadcrumb\"},\"inLanguage\":\"fr-FR\",\"potentialAction\":[{\"@type\":\"ReadAction\",\"target\":[\"https:\/\/blog.u-bourgogne.fr\/apreslang\/2019\/09\/25\/projet-forthem-lancement-septembre-2019\/\"]}]},{\"@type\":\"BreadcrumbList\",\"@id\":\"https:\/\/blog.u-bourgogne.fr\/apreslang\/2019\/09\/25\/projet-forthem-lancement-septembre-2019\/#breadcrumb\",\"itemListElement\":[{\"@type\":\"ListItem\",\"position\":1,\"name\":\"Accueil\",\"item\":\"https:\/\/blog.u-bourgogne.fr\/apreslang\/\"},{\"@type\":\"ListItem\",\"position\":2,\"name\":\"Projet FORTHEM &#8211; lancement septembre 2019\"}]},{\"@type\":\"WebSite\",\"@id\":\"https:\/\/blog.u-bourgogne.fr\/apreslang\/#website\",\"url\":\"https:\/\/blog.u-bourgogne.fr\/apreslang\/\",\"name\":\"Apr\u00e8sLang&#039;\",\"description\":\"Projet d&#039;innovation p\u00e9dagogique\",\"potentialAction\":[{\"@type\":\"SearchAction\",\"target\":{\"@type\":\"EntryPoint\",\"urlTemplate\":\"https:\/\/blog.u-bourgogne.fr\/apreslang\/?s={search_term_string}\"},\"query-input\":\"required name=search_term_string\"}],\"inLanguage\":\"fr-FR\"},{\"@type\":\"Person\",\"@id\":\"https:\/\/blog.u-bourgogne.fr\/apreslang\/#\/schema\/person\/f5566cb479f0bdfe2a820ffedf9fd57d\",\"name\":\"Will Noonan\",\"image\":{\"@type\":\"ImageObject\",\"inLanguage\":\"fr-FR\",\"@id\":\"https:\/\/blog.u-bourgogne.fr\/apreslang\/#\/schema\/person\/image\/\",\"url\":\"https:\/\/secure.gravatar.com\/avatar\/598546041f0c338efdcb1759ce63982fb1b80f3b25c2d2d42feb88c4b9a44b2a?s=96&d=mm&r=g\",\"contentUrl\":\"https:\/\/secure.gravatar.com\/avatar\/598546041f0c338efdcb1759ce63982fb1b80f3b25c2d2d42feb88c4b9a44b2a?s=96&d=mm&r=g\",\"caption\":\"Will Noonan\"},\"url\":\"https:\/\/blog.ube.fr\/apreslang\/author\/wi6702no\/\"}]}<\/script>\n<!-- \/ Yoast SEO plugin. -->","yoast_head_json":{"title":"Projet FORTHEM - lancement septembre 2019 - Apr\u00e8sLang&#039;","robots":{"index":"index","follow":"follow","max-snippet":"max-snippet:-1","max-image-preview":"max-image-preview:large","max-video-preview":"max-video-preview:-1"},"canonical":"https:\/\/blog.u-bourgogne.fr\/apreslang\/2019\/09\/25\/projet-forthem-lancement-septembre-2019\/","og_locale":"fr_FR","og_type":"article","og_title":"Projet FORTHEM - lancement septembre 2019 - Apr\u00e8sLang&#039;","og_description":"Projet men\u00e9 en collaboration avec les \u00e9tudiants du Master ICM, dans le cadre du projet inter-universitaire FORTHEM. Mise au point et administration d&#8217;un sondage en fran\u00e7ais sur les diff\u00e9rentes barri\u00e8res \u00e0 la mobilit\u00e9 pour \u00e9tudiants et personnels des universit\u00e9s \u00e0 partir de donn\u00e9es provenant des 7 universit\u00e9s de l\u2019alliance : d\u00e9terminera la strat\u00e9gie \u00ab\u00a0mobilit\u00e9\u00a0\u00bb de&hellip;","og_url":"https:\/\/blog.u-bourgogne.fr\/apreslang\/2019\/09\/25\/projet-forthem-lancement-septembre-2019\/","og_site_name":"Apr\u00e8sLang&#039;","article_published_time":"2019-09-25T19:58:56+00:00","article_modified_time":"2019-09-30T20:00:00+00:00","author":"Will Noonan","twitter_card":"summary_large_image","twitter_misc":{"\u00c9crit par":"Will Noonan"},"schema":{"@context":"https:\/\/schema.org","@graph":[{"@type":"WebPage","@id":"https:\/\/blog.u-bourgogne.fr\/apreslang\/2019\/09\/25\/projet-forthem-lancement-septembre-2019\/","url":"https:\/\/blog.u-bourgogne.fr\/apreslang\/2019\/09\/25\/projet-forthem-lancement-septembre-2019\/","name":"Projet FORTHEM - lancement septembre 2019 - Apr\u00e8sLang&#039;","isPartOf":{"@id":"https:\/\/blog.u-bourgogne.fr\/apreslang\/#website"},"datePublished":"2019-09-25T19:58:56+00:00","dateModified":"2019-09-30T20:00:00+00:00","author":{"@id":"https:\/\/blog.u-bourgogne.fr\/apreslang\/#\/schema\/person\/f5566cb479f0bdfe2a820ffedf9fd57d"},"breadcrumb":{"@id":"https:\/\/blog.u-bourgogne.fr\/apreslang\/2019\/09\/25\/projet-forthem-lancement-septembre-2019\/#breadcrumb"},"inLanguage":"fr-FR","potentialAction":[{"@type":"ReadAction","target":["https:\/\/blog.u-bourgogne.fr\/apreslang\/2019\/09\/25\/projet-forthem-lancement-septembre-2019\/"]}]},{"@type":"BreadcrumbList","@id":"https:\/\/blog.u-bourgogne.fr\/apreslang\/2019\/09\/25\/projet-forthem-lancement-septembre-2019\/#breadcrumb","itemListElement":[{"@type":"ListItem","position":1,"name":"Accueil","item":"https:\/\/blog.u-bourgogne.fr\/apreslang\/"},{"@type":"ListItem","position":2,"name":"Projet FORTHEM &#8211; lancement septembre 2019"}]},{"@type":"WebSite","@id":"https:\/\/blog.u-bourgogne.fr\/apreslang\/#website","url":"https:\/\/blog.u-bourgogne.fr\/apreslang\/","name":"Apr\u00e8sLang&#039;","description":"Projet d&#039;innovation p\u00e9dagogique","potentialAction":[{"@type":"SearchAction","target":{"@type":"EntryPoint","urlTemplate":"https:\/\/blog.u-bourgogne.fr\/apreslang\/?s={search_term_string}"},"query-input":"required name=search_term_string"}],"inLanguage":"fr-FR"},{"@type":"Person","@id":"https:\/\/blog.u-bourgogne.fr\/apreslang\/#\/schema\/person\/f5566cb479f0bdfe2a820ffedf9fd57d","name":"Will Noonan","image":{"@type":"ImageObject","inLanguage":"fr-FR","@id":"https:\/\/blog.u-bourgogne.fr\/apreslang\/#\/schema\/person\/image\/","url":"https:\/\/secure.gravatar.com\/avatar\/598546041f0c338efdcb1759ce63982fb1b80f3b25c2d2d42feb88c4b9a44b2a?s=96&d=mm&r=g","contentUrl":"https:\/\/secure.gravatar.com\/avatar\/598546041f0c338efdcb1759ce63982fb1b80f3b25c2d2d42feb88c4b9a44b2a?s=96&d=mm&r=g","caption":"Will Noonan"},"url":"https:\/\/blog.ube.fr\/apreslang\/author\/wi6702no\/"}]}},"_links":{"self":[{"href":"https:\/\/blog.ube.fr\/apreslang\/wp-json\/wp\/v2\/posts\/3409","targetHints":{"allow":["GET"]}}],"collection":[{"href":"https:\/\/blog.ube.fr\/apreslang\/wp-json\/wp\/v2\/posts"}],"about":[{"href":"https:\/\/blog.ube.fr\/apreslang\/wp-json\/wp\/v2\/types\/post"}],"author":[{"embeddable":true,"href":"https:\/\/blog.ube.fr\/apreslang\/wp-json\/wp\/v2\/users\/23"}],"replies":[{"embeddable":true,"href":"https:\/\/blog.ube.fr\/apreslang\/wp-json\/wp\/v2\/comments?post=3409"}],"version-history":[{"count":1,"href":"https:\/\/blog.ube.fr\/apreslang\/wp-json\/wp\/v2\/posts\/3409\/revisions"}],"predecessor-version":[{"id":3410,"href":"https:\/\/blog.ube.fr\/apreslang\/wp-json\/wp\/v2\/posts\/3409\/revisions\/3410"}],"wp:attachment":[{"href":"https:\/\/blog.ube.fr\/apreslang\/wp-json\/wp\/v2\/media?parent=3409"}],"wp:term":[{"taxonomy":"category","embeddable":true,"href":"https:\/\/blog.ube.fr\/apreslang\/wp-json\/wp\/v2\/categories?post=3409"},{"taxonomy":"post_tag","embeddable":true,"href":"https:\/\/blog.ube.fr\/apreslang\/wp-json\/wp\/v2\/tags?post=3409"}],"curies":[{"name":"wp","href":"https:\/\/api.w.org\/{rel}","templated":true}]}}