{"id":3383,"date":"2019-09-30T09:21:52","date_gmt":"2019-09-30T08:21:52","guid":{"rendered":"http:\/\/blog.u-bourgogne.fr\/apreslang\/?p=3383"},"modified":"2019-09-30T21:53:14","modified_gmt":"2019-09-30T20:53:14","slug":"journee-mondiale-de-la-traduction-27-09-19-ufc-montbeliard","status":"publish","type":"post","link":"https:\/\/blog.ube.fr\/apreslang\/2019\/09\/30\/journee-mondiale-de-la-traduction-27-09-19-ufc-montbeliard\/","title":{"rendered":"Journ\u00e9e Mondiale de la Traduction &#8211; 27\/09\/19, UFC Montb\u00e9liard"},"content":{"rendered":"<div class=\"ControlZone--position\">\n<div class=\"ControlZone-control\">\n<div data-sp-feature-tag=\"Rich Text Editor\" class=\"rte-webpart\" data-sp-feature-instance-id=\"e0af2e5d-7fff-42fd-a6a5-e4e32429c729\">\n<div>\n<div data-automation-id=\"textBox\" class=\"cke_editable rte--read cke_editable rteEmphasis root-72\">\n<p>La 4\u00e8me \u00e9dition de l&#8217;\u00e9v\u00e9nement &#8220;Journ\u00e9e Mondiale de la Traduction&#8221; organis\u00e9e en partenatiat avec la d\u00e9l\u00e9gation Champagne-Ardennes Bourgogne Franche-Comt\u00e9 de la Soci\u00e9t\u00e9 Fran\u00e7aise des Traducteurs a eu lieu \u00e0 l&#8217;UFC Montb\u00e9liard vendredi 27\/09\/19.<\/p>\n<p>En tandem avec le lancement du projet Apr\u00e8sLang&#8217;, plusieurs \u00e9tudiants de Licence ont accompagn\u00e9 les \u00e9tudiants du <a data-interception=\"on\" href=\"http:\/\/blog.ube.fr\/mastert2m\/\">Master T2M<\/a> sur place.<\/p>\n<p>Pour des informations sur l&#8217;\u00e9v\u00e9nement, suivre le lien <a href=\"http:\/\/bit.ly\/JMT2019Montbeliard\">http:\/\/bit.ly\/JMT2019Montbeliard.<\/a><\/p>\n<p>Pour acc\u00e9der aux enregistrements de l&#8217;\u00e9dition 2019 (et de l&#8217;\u00e9dition 2018 organis\u00e9 \u00e0 Nic\u00e9phore Cit\u00e9, Chalon-sur-Sa\u00f4ne), suivre le lien <a href=\"http:\/\/bit.ly\/JMTBourgogne\">http:\/\/bit.ly\/JMTBourgogne.<\/a><\/p>\n<p><a href=\"https:\/\/www.youtube.com\/channel\/UCI3XM2-KIxIChytsmzfDVIg\">https:\/\/www.youtube.com\/channel\/UCI3XM2-KIxIChytsmzfDVIg<\/a><\/p>\n","protected":false},"excerpt":{"rendered":"<p>La 4\u00e8me \u00e9dition de l&#8217;\u00e9v\u00e9nement &#8220;Journ\u00e9e Mondiale de la Traduction&#8221; organis\u00e9e en partenatiat avec la d\u00e9l\u00e9gation Champagne-Ardennes Bourgogne Franche-Comt\u00e9 de la Soci\u00e9t\u00e9 Fran\u00e7aise des Traducteurs a eu lieu \u00e0 l&#8217;UFC Montb\u00e9liard vendredi 27\/09\/19. En tandem avec le lancement du projet Apr\u00e8sLang&#8217;, plusieurs \u00e9tudiants de Licence ont accompagn\u00e9 les \u00e9tudiants du Master T2M sur place. Pour&hellip;<\/p>\n","protected":false},"author":23,"featured_media":0,"comment_status":"open","ping_status":"open","sticky":false,"template":"","format":"standard","meta":{"_acf_changed":false,"_exactmetrics_skip_tracking":false,"_exactmetrics_sitenote_active":false,"_exactmetrics_sitenote_note":"","_exactmetrics_sitenote_category":0,"footnotes":""},"categories":[20],"tags":[],"class_list":["post-3383","post","type-post","status-publish","format-standard","hentry","category-conferences-rencontres"],"acf":[],"yoast_head":"<!-- This site is optimized with the Yoast SEO plugin v21.6 - https:\/\/yoast.com\/wordpress\/plugins\/seo\/ -->\n<title>Journ\u00e9e Mondiale de la Traduction - 27\/09\/19, UFC Montb\u00e9liard - Apr\u00e8sLang&#039;<\/title>\n<meta name=\"robots\" content=\"index, follow, max-snippet:-1, max-image-preview:large, max-video-preview:-1\" \/>\n<link rel=\"canonical\" href=\"https:\/\/blog.u-bourgogne.fr\/apreslang\/2019\/09\/30\/journee-mondiale-de-la-traduction-27-09-19-ufc-montbeliard\/\" \/>\n<meta property=\"og:locale\" content=\"fr_FR\" \/>\n<meta property=\"og:type\" content=\"article\" \/>\n<meta property=\"og:title\" content=\"Journ\u00e9e Mondiale de la Traduction - 27\/09\/19, UFC Montb\u00e9liard - Apr\u00e8sLang&#039;\" \/>\n<meta property=\"og:description\" content=\"La 4\u00e8me \u00e9dition de l&#8217;\u00e9v\u00e9nement &#8220;Journ\u00e9e Mondiale de la Traduction&#8221; organis\u00e9e en partenatiat avec la d\u00e9l\u00e9gation Champagne-Ardennes Bourgogne Franche-Comt\u00e9 de la Soci\u00e9t\u00e9 Fran\u00e7aise des Traducteurs a eu lieu \u00e0 l&#8217;UFC Montb\u00e9liard vendredi 27\/09\/19. En tandem avec le lancement du projet Apr\u00e8sLang&#8217;, plusieurs \u00e9tudiants de Licence ont accompagn\u00e9 les \u00e9tudiants du Master T2M sur place. Pour&hellip;\" \/>\n<meta property=\"og:url\" content=\"https:\/\/blog.u-bourgogne.fr\/apreslang\/2019\/09\/30\/journee-mondiale-de-la-traduction-27-09-19-ufc-montbeliard\/\" \/>\n<meta property=\"og:site_name\" content=\"Apr\u00e8sLang&#039;\" \/>\n<meta property=\"article:published_time\" content=\"2019-09-30T08:21:52+00:00\" \/>\n<meta property=\"article:modified_time\" content=\"2019-09-30T20:53:14+00:00\" \/>\n<meta name=\"author\" content=\"Will Noonan\" \/>\n<meta name=\"twitter:card\" content=\"summary_large_image\" \/>\n<meta name=\"twitter:label1\" content=\"\u00c9crit par\" \/>\n\t<meta name=\"twitter:data1\" content=\"Will Noonan\" \/>\n\t<meta name=\"twitter:label2\" content=\"Dur\u00e9e de lecture estim\u00e9e\" \/>\n\t<meta name=\"twitter:data2\" content=\"1 minute\" \/>\n<script type=\"application\/ld+json\" class=\"yoast-schema-graph\">{\"@context\":\"https:\/\/schema.org\",\"@graph\":[{\"@type\":\"WebPage\",\"@id\":\"https:\/\/blog.u-bourgogne.fr\/apreslang\/2019\/09\/30\/journee-mondiale-de-la-traduction-27-09-19-ufc-montbeliard\/\",\"url\":\"https:\/\/blog.u-bourgogne.fr\/apreslang\/2019\/09\/30\/journee-mondiale-de-la-traduction-27-09-19-ufc-montbeliard\/\",\"name\":\"Journ\u00e9e Mondiale de la Traduction - 27\/09\/19, UFC Montb\u00e9liard - Apr\u00e8sLang&#039;\",\"isPartOf\":{\"@id\":\"https:\/\/blog.u-bourgogne.fr\/apreslang\/#website\"},\"datePublished\":\"2019-09-30T08:21:52+00:00\",\"dateModified\":\"2019-09-30T20:53:14+00:00\",\"author\":{\"@id\":\"https:\/\/blog.u-bourgogne.fr\/apreslang\/#\/schema\/person\/f5566cb479f0bdfe2a820ffedf9fd57d\"},\"breadcrumb\":{\"@id\":\"https:\/\/blog.u-bourgogne.fr\/apreslang\/2019\/09\/30\/journee-mondiale-de-la-traduction-27-09-19-ufc-montbeliard\/#breadcrumb\"},\"inLanguage\":\"fr-FR\",\"potentialAction\":[{\"@type\":\"ReadAction\",\"target\":[\"https:\/\/blog.u-bourgogne.fr\/apreslang\/2019\/09\/30\/journee-mondiale-de-la-traduction-27-09-19-ufc-montbeliard\/\"]}]},{\"@type\":\"BreadcrumbList\",\"@id\":\"https:\/\/blog.u-bourgogne.fr\/apreslang\/2019\/09\/30\/journee-mondiale-de-la-traduction-27-09-19-ufc-montbeliard\/#breadcrumb\",\"itemListElement\":[{\"@type\":\"ListItem\",\"position\":1,\"name\":\"Accueil\",\"item\":\"https:\/\/blog.u-bourgogne.fr\/apreslang\/\"},{\"@type\":\"ListItem\",\"position\":2,\"name\":\"Journ\u00e9e Mondiale de la Traduction &#8211; 27\/09\/19, UFC Montb\u00e9liard\"}]},{\"@type\":\"WebSite\",\"@id\":\"https:\/\/blog.u-bourgogne.fr\/apreslang\/#website\",\"url\":\"https:\/\/blog.u-bourgogne.fr\/apreslang\/\",\"name\":\"Apr\u00e8sLang&#039;\",\"description\":\"Projet d&#039;innovation p\u00e9dagogique\",\"potentialAction\":[{\"@type\":\"SearchAction\",\"target\":{\"@type\":\"EntryPoint\",\"urlTemplate\":\"https:\/\/blog.u-bourgogne.fr\/apreslang\/?s={search_term_string}\"},\"query-input\":\"required name=search_term_string\"}],\"inLanguage\":\"fr-FR\"},{\"@type\":\"Person\",\"@id\":\"https:\/\/blog.u-bourgogne.fr\/apreslang\/#\/schema\/person\/f5566cb479f0bdfe2a820ffedf9fd57d\",\"name\":\"Will Noonan\",\"image\":{\"@type\":\"ImageObject\",\"inLanguage\":\"fr-FR\",\"@id\":\"https:\/\/blog.u-bourgogne.fr\/apreslang\/#\/schema\/person\/image\/\",\"url\":\"https:\/\/secure.gravatar.com\/avatar\/598546041f0c338efdcb1759ce63982fb1b80f3b25c2d2d42feb88c4b9a44b2a?s=96&d=mm&r=g\",\"contentUrl\":\"https:\/\/secure.gravatar.com\/avatar\/598546041f0c338efdcb1759ce63982fb1b80f3b25c2d2d42feb88c4b9a44b2a?s=96&d=mm&r=g\",\"caption\":\"Will Noonan\"},\"url\":\"https:\/\/blog.ube.fr\/apreslang\/author\/wi6702no\/\"}]}<\/script>\n<!-- \/ Yoast SEO plugin. -->","yoast_head_json":{"title":"Journ\u00e9e Mondiale de la Traduction - 27\/09\/19, UFC Montb\u00e9liard - Apr\u00e8sLang&#039;","robots":{"index":"index","follow":"follow","max-snippet":"max-snippet:-1","max-image-preview":"max-image-preview:large","max-video-preview":"max-video-preview:-1"},"canonical":"https:\/\/blog.u-bourgogne.fr\/apreslang\/2019\/09\/30\/journee-mondiale-de-la-traduction-27-09-19-ufc-montbeliard\/","og_locale":"fr_FR","og_type":"article","og_title":"Journ\u00e9e Mondiale de la Traduction - 27\/09\/19, UFC Montb\u00e9liard - Apr\u00e8sLang&#039;","og_description":"La 4\u00e8me \u00e9dition de l&#8217;\u00e9v\u00e9nement &#8220;Journ\u00e9e Mondiale de la Traduction&#8221; organis\u00e9e en partenatiat avec la d\u00e9l\u00e9gation Champagne-Ardennes Bourgogne Franche-Comt\u00e9 de la Soci\u00e9t\u00e9 Fran\u00e7aise des Traducteurs a eu lieu \u00e0 l&#8217;UFC Montb\u00e9liard vendredi 27\/09\/19. En tandem avec le lancement du projet Apr\u00e8sLang&#8217;, plusieurs \u00e9tudiants de Licence ont accompagn\u00e9 les \u00e9tudiants du Master T2M sur place. Pour&hellip;","og_url":"https:\/\/blog.u-bourgogne.fr\/apreslang\/2019\/09\/30\/journee-mondiale-de-la-traduction-27-09-19-ufc-montbeliard\/","og_site_name":"Apr\u00e8sLang&#039;","article_published_time":"2019-09-30T08:21:52+00:00","article_modified_time":"2019-09-30T20:53:14+00:00","author":"Will Noonan","twitter_card":"summary_large_image","twitter_misc":{"\u00c9crit par":"Will Noonan","Dur\u00e9e de lecture estim\u00e9e":"1 minute"},"schema":{"@context":"https:\/\/schema.org","@graph":[{"@type":"WebPage","@id":"https:\/\/blog.u-bourgogne.fr\/apreslang\/2019\/09\/30\/journee-mondiale-de-la-traduction-27-09-19-ufc-montbeliard\/","url":"https:\/\/blog.u-bourgogne.fr\/apreslang\/2019\/09\/30\/journee-mondiale-de-la-traduction-27-09-19-ufc-montbeliard\/","name":"Journ\u00e9e Mondiale de la Traduction - 27\/09\/19, UFC Montb\u00e9liard - Apr\u00e8sLang&#039;","isPartOf":{"@id":"https:\/\/blog.u-bourgogne.fr\/apreslang\/#website"},"datePublished":"2019-09-30T08:21:52+00:00","dateModified":"2019-09-30T20:53:14+00:00","author":{"@id":"https:\/\/blog.u-bourgogne.fr\/apreslang\/#\/schema\/person\/f5566cb479f0bdfe2a820ffedf9fd57d"},"breadcrumb":{"@id":"https:\/\/blog.u-bourgogne.fr\/apreslang\/2019\/09\/30\/journee-mondiale-de-la-traduction-27-09-19-ufc-montbeliard\/#breadcrumb"},"inLanguage":"fr-FR","potentialAction":[{"@type":"ReadAction","target":["https:\/\/blog.u-bourgogne.fr\/apreslang\/2019\/09\/30\/journee-mondiale-de-la-traduction-27-09-19-ufc-montbeliard\/"]}]},{"@type":"BreadcrumbList","@id":"https:\/\/blog.u-bourgogne.fr\/apreslang\/2019\/09\/30\/journee-mondiale-de-la-traduction-27-09-19-ufc-montbeliard\/#breadcrumb","itemListElement":[{"@type":"ListItem","position":1,"name":"Accueil","item":"https:\/\/blog.u-bourgogne.fr\/apreslang\/"},{"@type":"ListItem","position":2,"name":"Journ\u00e9e Mondiale de la Traduction &#8211; 27\/09\/19, UFC Montb\u00e9liard"}]},{"@type":"WebSite","@id":"https:\/\/blog.u-bourgogne.fr\/apreslang\/#website","url":"https:\/\/blog.u-bourgogne.fr\/apreslang\/","name":"Apr\u00e8sLang&#039;","description":"Projet d&#039;innovation p\u00e9dagogique","potentialAction":[{"@type":"SearchAction","target":{"@type":"EntryPoint","urlTemplate":"https:\/\/blog.u-bourgogne.fr\/apreslang\/?s={search_term_string}"},"query-input":"required name=search_term_string"}],"inLanguage":"fr-FR"},{"@type":"Person","@id":"https:\/\/blog.u-bourgogne.fr\/apreslang\/#\/schema\/person\/f5566cb479f0bdfe2a820ffedf9fd57d","name":"Will Noonan","image":{"@type":"ImageObject","inLanguage":"fr-FR","@id":"https:\/\/blog.u-bourgogne.fr\/apreslang\/#\/schema\/person\/image\/","url":"https:\/\/secure.gravatar.com\/avatar\/598546041f0c338efdcb1759ce63982fb1b80f3b25c2d2d42feb88c4b9a44b2a?s=96&d=mm&r=g","contentUrl":"https:\/\/secure.gravatar.com\/avatar\/598546041f0c338efdcb1759ce63982fb1b80f3b25c2d2d42feb88c4b9a44b2a?s=96&d=mm&r=g","caption":"Will Noonan"},"url":"https:\/\/blog.ube.fr\/apreslang\/author\/wi6702no\/"}]}},"_links":{"self":[{"href":"https:\/\/blog.ube.fr\/apreslang\/wp-json\/wp\/v2\/posts\/3383","targetHints":{"allow":["GET"]}}],"collection":[{"href":"https:\/\/blog.ube.fr\/apreslang\/wp-json\/wp\/v2\/posts"}],"about":[{"href":"https:\/\/blog.ube.fr\/apreslang\/wp-json\/wp\/v2\/types\/post"}],"author":[{"embeddable":true,"href":"https:\/\/blog.ube.fr\/apreslang\/wp-json\/wp\/v2\/users\/23"}],"replies":[{"embeddable":true,"href":"https:\/\/blog.ube.fr\/apreslang\/wp-json\/wp\/v2\/comments?post=3383"}],"version-history":[{"count":4,"href":"https:\/\/blog.ube.fr\/apreslang\/wp-json\/wp\/v2\/posts\/3383\/revisions"}],"predecessor-version":[{"id":3439,"href":"https:\/\/blog.ube.fr\/apreslang\/wp-json\/wp\/v2\/posts\/3383\/revisions\/3439"}],"wp:attachment":[{"href":"https:\/\/blog.ube.fr\/apreslang\/wp-json\/wp\/v2\/media?parent=3383"}],"wp:term":[{"taxonomy":"category","embeddable":true,"href":"https:\/\/blog.ube.fr\/apreslang\/wp-json\/wp\/v2\/categories?post=3383"},{"taxonomy":"post_tag","embeddable":true,"href":"https:\/\/blog.ube.fr\/apreslang\/wp-json\/wp\/v2\/tags?post=3383"}],"curies":[{"name":"wp","href":"https:\/\/api.w.org\/{rel}","templated":true}]}}