{"id":206,"date":"2023-05-28T12:47:42","date_gmt":"2023-05-28T10:47:42","guid":{"rendered":"https:\/\/blog.u-bourgogne.fr\/ajmgb\/?p=206"},"modified":"2024-04-28T18:28:45","modified_gmt":"2024-04-28T16:28:45","slug":"sens","status":"publish","type":"post","link":"https:\/\/blog.ube.fr\/ajmgb\/2023\/05\/28\/sens\/","title":{"rendered":"Sens"},"content":{"rendered":"<p>\ud83d\udcde <strong>Contact<\/strong> :<\/p>\n<p>Pour tout renseignement sur Sens et sa r\u00e9gion, vous pouvez contacter Bouchra Kerkri b.kerkri@grand-senonais.fr 03.86.65.80.35 ou 06.24.37.84.11<\/p>\n<hr \/>\n<p style=\"text-align: justify;\">\ud83c\udfe0 <strong>Logement<\/strong> : <span data-sheets-value=\"{&quot;1&quot;:2,&quot;2&quot;:&quot;Nouvel internat r\u00e9nov\u00e9 mais ancien internat au 1er \u00e9tage d'un batiment ont encore lieu des consultations compl\u00e8tement vetuste et inadapt\u00e9&quot;}\" data-sheets-userformat=\"{&quot;2&quot;:897,&quot;3&quot;:{&quot;1&quot;:0},&quot;10&quot;:1,&quot;11&quot;:4,&quot;12&quot;:0}\">Nouvel internat enti\u00e8rement r\u00e9nov\u00e9 r\u00e9cemment. 37 studios individuels avec salle de bain \/ toilette,\u00a0 kitchenette, t\u00e9l\u00e9vision. Cuisine et pi\u00e8ce \u00e0 vivre commune.<br \/>\n<\/span><\/p>\n<hr \/>\n<p style=\"text-align: justify;\">\ud83d\ude82 <strong>Transports<\/strong> :<\/p>\n<ul style=\"text-align: justify;\">\n<li>Vers Dijon : 2h environ en voiture \/ train (2h)<\/li>\n<li>TER direct vers Paris (1h) \/ Avallon (1h45) \/ Lyon (4h).<\/li>\n<\/ul>\n<hr \/>\n<p style=\"text-align: justify;\">\ud83c\udfad <strong>Vie Culturelle<\/strong> :<\/p>\n<ul style=\"text-align: justify;\">\n<li><a href=\"https:\/\/www.musees-sens.fr\/le-musee\/palais-des-archeveques\/\">Palais des Archev\u00eaques<\/a> : Depuis le d\u00e9but du Moyen \u00c2ge et jusqu\u2019au XIX<sup>e<\/sup> si\u00e8cle, l\u2019archev\u00eaque r\u00e9side \u00e0 c\u00f4t\u00e9 de sa cath\u00e9drale du c\u00f4t\u00e9 sud. Son palais, aujourd\u2019hui occup\u00e9 par les Mus\u00e9es de Sens, est un remarquable ensemble monumental class\u00e9 Monument Historique. Quatre b\u00e2timents encadrent la cour, comportant la partie priv\u00e9e d\u2019un c\u00f4t\u00e9 et la partie administrative de l\u2019autre.<\/li>\n<li><a href=\"https:\/\/www.theatre-sens.fr\/reservations-en-ligne\/\">Th\u00e9\u00e2tre Municipal de Sens <\/a>: Beau batiment du XIX\u00e8me si\u00e8cle proposant une selection vari\u00e9es de performances artistiques en tout genre.<\/li>\n<li><a href=\"https:\/\/www.cinema-confluences.com\/sens\/\">Cin\u00e9ma Confluence<\/a> : Programmation vaste de films majoritairement en version fran\u00e7aise.<\/li>\n<\/ul>\n<p><iframe loading=\"lazy\" height=\"314\" src=\"\/\/www.youtube.com\/embed\/MEzEwoRgC0A\" width=\"560\"><\/iframe><\/p>\n<p><iframe loading=\"lazy\" height=\"314\" src=\"\/\/www.youtube.com\/embed\/-QLs4GJQark\" width=\"560\"><\/iframe><\/p>\n<p><iframe loading=\"lazy\" height=\"314\" src=\"\/\/www.youtube.com\/embed\/Unup8LOPH6I\" width=\"560\"><\/iframe><\/p>\n<hr \/>\n<div id='gallery-1' class='gallery galleryid-206 gallery-columns-2 gallery-size-full'><dl class='gallery-item'>\n\t\t\t<dt class='gallery-icon portrait'>\n\t\t\t\t<a href='https:\/\/blog.ube.fr\/ajmgb\/2023\/05\/28\/sens\/bourgogne-fleurie_carte-11\/'><img loading=\"lazy\" decoding=\"async\" width=\"535\" height=\"713\" src=\"https:\/\/blog.ube.fr\/ajmgb\/wp-content\/uploads\/sites\/188\/2023\/05\/bourgogne-fleurie_carte-10.jpg\" class=\"attachment-full size-full\" alt=\"\" aria-describedby=\"gallery-1-692\" srcset=\"https:\/\/blog.ube.fr\/ajmgb\/wp-content\/uploads\/sites\/188\/2023\/05\/bourgogne-fleurie_carte-10.jpg 535w, https:\/\/blog.ube.fr\/ajmgb\/wp-content\/uploads\/sites\/188\/2023\/05\/bourgogne-fleurie_carte-10-225x300.jpg 225w\" sizes=\"auto, (max-width: 535px) 100vw, 535px\" \/><\/a>\n\t\t\t<\/dt>\n\t\t\t\t<dd class='wp-caption-text gallery-caption' id='gallery-1-692'>\n\t\t\t\tSituer Sens en Bourgogne\n\t\t\t\t<\/dd><\/dl><dl class='gallery-item'>\n\t\t\t<dt class='gallery-icon portrait'>\n\t\t\t\t<a href='https:\/\/blog.ube.fr\/ajmgb\/2023\/05\/28\/sens\/sens-pal-synodal-0451-2\/'><img loading=\"lazy\" decoding=\"async\" width=\"1365\" height=\"1820\" src=\"https:\/\/blog.ube.fr\/ajmgb\/wp-content\/uploads\/sites\/188\/2023\/05\/SENS-Pal-Synodal-0451-1.jpg\" class=\"attachment-full size-full\" alt=\"\" aria-describedby=\"gallery-1-694\" srcset=\"https:\/\/blog.ube.fr\/ajmgb\/wp-content\/uploads\/sites\/188\/2023\/05\/SENS-Pal-Synodal-0451-1.jpg 1365w, https:\/\/blog.ube.fr\/ajmgb\/wp-content\/uploads\/sites\/188\/2023\/05\/SENS-Pal-Synodal-0451-1-225x300.jpg 225w, https:\/\/blog.ube.fr\/ajmgb\/wp-content\/uploads\/sites\/188\/2023\/05\/SENS-Pal-Synodal-0451-1-768x1024.jpg 768w, https:\/\/blog.ube.fr\/ajmgb\/wp-content\/uploads\/sites\/188\/2023\/05\/SENS-Pal-Synodal-0451-1-1152x1536.jpg 1152w\" sizes=\"auto, (max-width: 1365px) 100vw, 1365px\" \/><\/a>\n\t\t\t<\/dt>\n\t\t\t\t<dd class='wp-caption-text gallery-caption' id='gallery-1-694'>\n\t\t\t\tCath\u00e9drale Saint-Etienne\n\t\t\t\t<\/dd><\/dl><br style=\"clear: both\" \/><dl class='gallery-item'>\n\t\t\t<dt class='gallery-icon landscape'>\n\t\t\t\t<a href='https:\/\/blog.ube.fr\/ajmgb\/2023\/05\/28\/sens\/tuul-et-bruno-morandi\/'><img loading=\"lazy\" decoding=\"async\" width=\"900\" height=\"600\" src=\"https:\/\/blog.ube.fr\/ajmgb\/wp-content\/uploads\/sites\/188\/2023\/05\/Tuul-et-Bruno-Morandi.jpg\" class=\"attachment-full size-full\" alt=\"\" aria-describedby=\"gallery-1-691\" srcset=\"https:\/\/blog.ube.fr\/ajmgb\/wp-content\/uploads\/sites\/188\/2023\/05\/Tuul-et-Bruno-Morandi.jpg 900w, https:\/\/blog.ube.fr\/ajmgb\/wp-content\/uploads\/sites\/188\/2023\/05\/Tuul-et-Bruno-Morandi-300x200.jpg 300w, https:\/\/blog.ube.fr\/ajmgb\/wp-content\/uploads\/sites\/188\/2023\/05\/Tuul-et-Bruno-Morandi-768x512.jpg 768w\" sizes=\"auto, (max-width: 900px) 100vw, 900px\" \/><\/a>\n\t\t\t<\/dt>\n\t\t\t\t<dd class='wp-caption-text gallery-caption' id='gallery-1-691'>\n\t\t\t\tHalles de Sens &#8211; \u00a9Tuul et Bruno Morandi\n\t\t\t\t<\/dd><\/dl><dl class='gallery-item'>\n\t\t\t<dt class='gallery-icon landscape'>\n\t\t\t\t<a href='https:\/\/blog.ube.fr\/ajmgb\/2023\/05\/28\/sens\/sens-pal-synodal-0314\/'><img loading=\"lazy\" decoding=\"async\" width=\"1820\" height=\"1365\" src=\"https:\/\/blog.ube.fr\/ajmgb\/wp-content\/uploads\/sites\/188\/2023\/05\/SENS-Pal-Synodal-0314.jpg\" class=\"attachment-full size-full\" alt=\"\" aria-describedby=\"gallery-1-693\" srcset=\"https:\/\/blog.ube.fr\/ajmgb\/wp-content\/uploads\/sites\/188\/2023\/05\/SENS-Pal-Synodal-0314.jpg 1820w, https:\/\/blog.ube.fr\/ajmgb\/wp-content\/uploads\/sites\/188\/2023\/05\/SENS-Pal-Synodal-0314-300x225.jpg 300w, https:\/\/blog.ube.fr\/ajmgb\/wp-content\/uploads\/sites\/188\/2023\/05\/SENS-Pal-Synodal-0314-1024x768.jpg 1024w, https:\/\/blog.ube.fr\/ajmgb\/wp-content\/uploads\/sites\/188\/2023\/05\/SENS-Pal-Synodal-0314-768x576.jpg 768w, https:\/\/blog.ube.fr\/ajmgb\/wp-content\/uploads\/sites\/188\/2023\/05\/SENS-Pal-Synodal-0314-1536x1152.jpg 1536w\" sizes=\"auto, (max-width: 1820px) 100vw, 1820px\" \/><\/a>\n\t\t\t<\/dt>\n\t\t\t\t<dd class='wp-caption-text gallery-caption' id='gallery-1-693'>\n\t\t\t\tPalais Synodal &#8211; \u00a9 Y. V\u00e9ron\n\t\t\t\t<\/dd><\/dl><br style=\"clear: both\" \/>\n\t\t<\/div>\n\n<hr \/>\n<p style=\"text-align: justify;\"><a href=\"https:\/\/blog.ube.fr\/ajmgb\/stages\/lieux-de-stage\/\"><span style=\"font-size: 10pt; color: #0000ff;\">Retour \u00e0 la liste des stages<\/span><\/a><\/p>\n","protected":false},"excerpt":{"rendered":"<p>\ud83d\udcde Contact : Pour tout renseignement sur Sens et sa r\u00e9gion, vous pouvez contacter Bouchra Kerkri b.kerkri@grand-senonais.fr 03.86.65.80.35 ou 06.24.37.84.11 \ud83c\udfe0 Logement : Nouvel internat enti\u00e8rement r\u00e9nov\u00e9 r\u00e9cemment. 37 studios individuels avec salle de bain \/ toilette,\u00a0 kitchenette, t\u00e9l\u00e9vision. Cuisine et pi\u00e8ce \u00e0 vivre commune. \ud83d\ude82 Transports : Vers Dijon : 2h environ en voiture&hellip;<\/p>\n<p class=\"more-link-p\"><a class=\"btn btn-primary\" href=\"https:\/\/blog.ube.fr\/ajmgb\/2023\/05\/28\/sens\/\">Voir plus &rarr;<\/a><\/p>\n","protected":false},"author":4923,"featured_media":0,"comment_status":"open","ping_status":"open","sticky":false,"template":"","format":"standard","meta":{"_exactmetrics_skip_tracking":false,"_exactmetrics_sitenote_active":false,"_exactmetrics_sitenote_note":"","_exactmetrics_sitenote_category":0,"footnotes":""},"categories":[4],"tags":[],"class_list":["post-206","post","type-post","status-publish","format-standard","hentry","category-lieux-de-stage"],"_links":{"self":[{"href":"https:\/\/blog.ube.fr\/ajmgb\/wp-json\/wp\/v2\/posts\/206","targetHints":{"allow":["GET"]}}],"collection":[{"href":"https:\/\/blog.ube.fr\/ajmgb\/wp-json\/wp\/v2\/posts"}],"about":[{"href":"https:\/\/blog.ube.fr\/ajmgb\/wp-json\/wp\/v2\/types\/post"}],"author":[{"embeddable":true,"href":"https:\/\/blog.ube.fr\/ajmgb\/wp-json\/wp\/v2\/users\/4923"}],"replies":[{"embeddable":true,"href":"https:\/\/blog.ube.fr\/ajmgb\/wp-json\/wp\/v2\/comments?post=206"}],"version-history":[{"count":6,"href":"https:\/\/blog.ube.fr\/ajmgb\/wp-json\/wp\/v2\/posts\/206\/revisions"}],"predecessor-version":[{"id":844,"href":"https:\/\/blog.ube.fr\/ajmgb\/wp-json\/wp\/v2\/posts\/206\/revisions\/844"}],"wp:attachment":[{"href":"https:\/\/blog.ube.fr\/ajmgb\/wp-json\/wp\/v2\/media?parent=206"}],"wp:term":[{"taxonomy":"category","embeddable":true,"href":"https:\/\/blog.ube.fr\/ajmgb\/wp-json\/wp\/v2\/categories?post=206"},{"taxonomy":"post_tag","embeddable":true,"href":"https:\/\/blog.ube.fr\/ajmgb\/wp-json\/wp\/v2\/tags?post=206"}],"curies":[{"name":"wp","href":"https:\/\/api.w.org\/{rel}","templated":true}]}}