{"id":204,"date":"2023-05-28T12:47:27","date_gmt":"2023-05-28T10:47:27","guid":{"rendered":"https:\/\/blog.u-bourgogne.fr\/ajmgb\/?p=204"},"modified":"2023-09-03T11:06:43","modified_gmt":"2023-09-03T09:06:43","slug":"semur-en-auxois","status":"publish","type":"post","link":"https:\/\/blog.ube.fr\/ajmgb\/2023\/05\/28\/semur-en-auxois\/","title":{"rendered":"Semur-en-Auxois"},"content":{"rendered":"<p style=\"text-align: justify;\">\ud83c\udfe0 <strong>Logement<\/strong> : 9 c<span data-sheets-value=\"{&quot;1&quot;:2,&quot;2&quot;:&quot;Chambre meubl\u00e9es, salle de bain perso  peu de rangements, machine \u00e0 laver, cuisine bine \u00e9quip\u00e9e et grande pi\u00e8ce \u00e0 vivre commune&quot;}\" data-sheets-userformat=\"{&quot;2&quot;:897,&quot;3&quot;:{&quot;1&quot;:0},&quot;10&quot;:1,&quot;11&quot;:4,&quot;12&quot;:0}\">hambrse meubl\u00e9es avec salle de bain personnelle. Espaces communs compos\u00e9s d&#8217;une cuisine (bien \u00e9quip\u00e9e), d&#8217;une grande pi\u00e8ce \u00e0 vivre et d&#8217;une buanderie.<\/span><span data-sheets-value=\"{&quot;1&quot;:2,&quot;2&quot;:&quot;10 chambres 2 studios, toilettes et douches communes \u00e0 chaque \u00e9tage, proche du centre ville et a 5min en voiture de l\u2019h\u00f4pital, vieux batiment n\u00e9cessitant des r\u00e9novations, particuli\u00e8rement SDB&quot;}\" data-sheets-userformat=\"{&quot;2&quot;:897,&quot;3&quot;:{&quot;1&quot;:0},&quot;10&quot;:1,&quot;11&quot;:4,&quot;12&quot;:0}\"><br \/>\n<\/span><\/p>\n<hr \/>\n<p style=\"text-align: justify;\">\ud83d\ude82 <strong>Transports<\/strong> :<\/p>\n<p style=\"text-align: justify;\"><em>NB : Pas de gare TER \u00e0 Semur, lignes ferrovi\u00e8res accessibles depuis Montbard (20mn de voiture).<\/em><\/p>\n<ul style=\"text-align: justify;\">\n<li>Vers Dijon :\u00a0 1h en voiture \/ 35mn en train depuis Montbard<\/li>\n<li>TGV direct depuis Montbard vers Paris (1h), Besan\u00e7on (1h30)<\/li>\n<\/ul>\n<hr \/>\n<p style=\"text-align: justify;\">\ud83c\udfad <strong>Vie Culturelle<\/strong> :<\/p>\n<div id=\"para_4\" class=\"para_2394003 resize\">\n<ul style=\"list-style-type: disc;\">\n<li class=\"texte\">La tour de l\u2019Orle d\u2019Or : Si\u00e8ge de la Soci\u00e9t\u00e9 des Sciences Historiques et Naturelles de Semur-en-Auxois, la tour ma\u00eetresse du donjon \u00e9difi\u00e9e en 1274 propose sur 4 niveaux les collections constitu\u00e9es au fil de temps.<\/li>\n<\/ul>\n<div class=\"access firstletter\">\n<ul>\n<li style=\"text-align: left;\"><a href=\"https:\/\/www.ville-semur-en-auxois.fr\/musee\/\">Mus\u00e9e de Semur-en-Auxois<\/a> : Collections d\u2019<strong>arch\u00e9ologie<\/strong>, issues des fouilles de la r\u00e9gion, ou de <strong>sculptures m\u00e9di\u00e9vales<\/strong>, provenant des \u00e9difices religieux de Semur, sont expos\u00e9es dans ce mus\u00e9e.<\/li>\n<li style=\"text-align: left;\"><a href=\"https:\/\/www.etoilecinema.com\/\">Etoile cinema<\/a> : L\u2019\u00c9toile Cin\u00e9ma programme des films de patrimoine, \u00e0 raison d\u2019un ou deux films par mois et participe au festival Play It Again, organis\u00e9 par l\u2019Association de D\u00e9veloppement R\u00e9gional du Cin\u00e9ma (ADRC), en avril.<\/li>\n<\/ul>\n<\/div>\n<\/div>\n<hr \/>\n<div id='gallery-1' class='gallery galleryid-204 gallery-columns-2 gallery-size-full'><dl class='gallery-item'>\n\t\t\t<dt class='gallery-icon portrait'>\n\t\t\t\t<a href='https:\/\/blog.ube.fr\/ajmgb\/2023\/05\/28\/semur-en-auxois\/carte_de_la_bourgogne-svg\/'><img loading=\"lazy\" decoding=\"async\" width=\"599\" height=\"799\" src=\"https:\/\/blog.ube.fr\/ajmgb\/wp-content\/uploads\/sites\/188\/2023\/05\/Carte_de_la_Bourgogne.svg_.png\" class=\"attachment-full size-full\" alt=\"\" aria-describedby=\"gallery-1-678\" srcset=\"https:\/\/blog.ube.fr\/ajmgb\/wp-content\/uploads\/sites\/188\/2023\/05\/Carte_de_la_Bourgogne.svg_.png 599w, https:\/\/blog.ube.fr\/ajmgb\/wp-content\/uploads\/sites\/188\/2023\/05\/Carte_de_la_Bourgogne.svg_-225x300.png 225w\" sizes=\"auto, (max-width: 599px) 100vw, 599px\" \/><\/a>\n\t\t\t<\/dt>\n\t\t\t\t<dd class='wp-caption-text gallery-caption' id='gallery-1-678'>\n\t\t\t\tSituer Semur en Bourgogne\n\t\t\t\t<\/dd><\/dl><dl class='gallery-item'>\n\t\t\t<dt class='gallery-icon portrait'>\n\t\t\t\t<a href='https:\/\/blog.ube.fr\/ajmgb\/2023\/05\/28\/semur-en-auxois\/jacques-mossot\/'><img loading=\"lazy\" decoding=\"async\" width=\"450\" height=\"600\" src=\"https:\/\/blog.ube.fr\/ajmgb\/wp-content\/uploads\/sites\/188\/2023\/05\/jacques-mossot.jpg\" class=\"attachment-full size-full\" alt=\"\" aria-describedby=\"gallery-1-679\" srcset=\"https:\/\/blog.ube.fr\/ajmgb\/wp-content\/uploads\/sites\/188\/2023\/05\/jacques-mossot.jpg 450w, https:\/\/blog.ube.fr\/ajmgb\/wp-content\/uploads\/sites\/188\/2023\/05\/jacques-mossot-225x300.jpg 225w\" sizes=\"auto, (max-width: 450px) 100vw, 450px\" \/><\/a>\n\t\t\t<\/dt>\n\t\t\t\t<dd class='wp-caption-text gallery-caption' id='gallery-1-679'>\n\t\t\t\tColl\u00e9giale Notre-Dame &#8211; \u00a9 Jacques Mossot\n\t\t\t\t<\/dd><\/dl><br style=\"clear: both\" \/><dl class='gallery-item'>\n\t\t\t<dt class='gallery-icon landscape'>\n\t\t\t\t<a href='https:\/\/blog.ube.fr\/ajmgb\/2023\/05\/28\/semur-en-auxois\/shutterstock\/'><img loading=\"lazy\" decoding=\"async\" width=\"917\" height=\"688\" src=\"https:\/\/blog.ube.fr\/ajmgb\/wp-content\/uploads\/sites\/188\/2023\/05\/shutterstock.jpg\" class=\"attachment-full size-full\" alt=\"\" aria-describedby=\"gallery-1-676\" srcset=\"https:\/\/blog.ube.fr\/ajmgb\/wp-content\/uploads\/sites\/188\/2023\/05\/shutterstock.jpg 917w, https:\/\/blog.ube.fr\/ajmgb\/wp-content\/uploads\/sites\/188\/2023\/05\/shutterstock-300x225.jpg 300w, https:\/\/blog.ube.fr\/ajmgb\/wp-content\/uploads\/sites\/188\/2023\/05\/shutterstock-768x576.jpg 768w\" sizes=\"auto, (max-width: 917px) 100vw, 917px\" \/><\/a>\n\t\t\t<\/dt>\n\t\t\t\t<dd class='wp-caption-text gallery-caption' id='gallery-1-676'>\n\t\t\t\tCentre Ville &#8211; \u00a9 Shutterstock\n\t\t\t\t<\/dd><\/dl><dl class='gallery-item'>\n\t\t\t<dt class='gallery-icon landscape'>\n\t\t\t\t<a href='https:\/\/blog.ube.fr\/ajmgb\/2023\/05\/28\/semur-en-auxois\/tour-orle-dor-e1618558622257\/'><img loading=\"lazy\" decoding=\"async\" width=\"1235\" height=\"926\" src=\"https:\/\/blog.ube.fr\/ajmgb\/wp-content\/uploads\/sites\/188\/2023\/05\/tour-orle-dor-e1618558622257.jpg\" class=\"attachment-full size-full\" alt=\"\" aria-describedby=\"gallery-1-677\" srcset=\"https:\/\/blog.ube.fr\/ajmgb\/wp-content\/uploads\/sites\/188\/2023\/05\/tour-orle-dor-e1618558622257.jpg 1235w, https:\/\/blog.ube.fr\/ajmgb\/wp-content\/uploads\/sites\/188\/2023\/05\/tour-orle-dor-e1618558622257-300x225.jpg 300w, https:\/\/blog.ube.fr\/ajmgb\/wp-content\/uploads\/sites\/188\/2023\/05\/tour-orle-dor-e1618558622257-1024x768.jpg 1024w, https:\/\/blog.ube.fr\/ajmgb\/wp-content\/uploads\/sites\/188\/2023\/05\/tour-orle-dor-e1618558622257-768x576.jpg 768w\" sizes=\"auto, (max-width: 1235px) 100vw, 1235px\" \/><\/a>\n\t\t\t<\/dt>\n\t\t\t\t<dd class='wp-caption-text gallery-caption' id='gallery-1-677'>\n\t\t\t\tLa Tour de l&#8217;Orle d&#8217;Or\n\t\t\t\t<\/dd><\/dl><br style=\"clear: both\" \/>\n\t\t<\/div>\n\n<hr \/>\n<p style=\"text-align: justify;\"><a href=\"https:\/\/blog.ube.fr\/ajmgb\/stages\/lieux-de-stage\/\"><span style=\"font-size: 10pt; color: #0000ff;\">Retour \u00e0 la liste des stages<\/span><\/a><\/p>\n","protected":false},"excerpt":{"rendered":"<p>\ud83c\udfe0 Logement : 9 chambrse meubl\u00e9es avec salle de bain personnelle. Espaces communs compos\u00e9s d&#8217;une cuisine (bien \u00e9quip\u00e9e), d&#8217;une grande pi\u00e8ce \u00e0 vivre et d&#8217;une buanderie. \ud83d\ude82 Transports : NB : Pas de gare TER \u00e0 Semur, lignes ferrovi\u00e8res accessibles depuis Montbard (20mn de voiture). Vers Dijon :\u00a0 1h en voiture \/ 35mn en train&hellip;<\/p>\n<p class=\"more-link-p\"><a class=\"btn btn-primary\" href=\"https:\/\/blog.ube.fr\/ajmgb\/2023\/05\/28\/semur-en-auxois\/\">Voir plus &rarr;<\/a><\/p>\n","protected":false},"author":4923,"featured_media":0,"comment_status":"open","ping_status":"open","sticky":false,"template":"","format":"standard","meta":{"_exactmetrics_skip_tracking":false,"_exactmetrics_sitenote_active":false,"_exactmetrics_sitenote_note":"","_exactmetrics_sitenote_category":0,"footnotes":""},"categories":[4],"tags":[],"class_list":["post-204","post","type-post","status-publish","format-standard","hentry","category-lieux-de-stage"],"_links":{"self":[{"href":"https:\/\/blog.ube.fr\/ajmgb\/wp-json\/wp\/v2\/posts\/204","targetHints":{"allow":["GET"]}}],"collection":[{"href":"https:\/\/blog.ube.fr\/ajmgb\/wp-json\/wp\/v2\/posts"}],"about":[{"href":"https:\/\/blog.ube.fr\/ajmgb\/wp-json\/wp\/v2\/types\/post"}],"author":[{"embeddable":true,"href":"https:\/\/blog.ube.fr\/ajmgb\/wp-json\/wp\/v2\/users\/4923"}],"replies":[{"embeddable":true,"href":"https:\/\/blog.ube.fr\/ajmgb\/wp-json\/wp\/v2\/comments?post=204"}],"version-history":[{"count":4,"href":"https:\/\/blog.ube.fr\/ajmgb\/wp-json\/wp\/v2\/posts\/204\/revisions"}],"predecessor-version":[{"id":682,"href":"https:\/\/blog.ube.fr\/ajmgb\/wp-json\/wp\/v2\/posts\/204\/revisions\/682"}],"wp:attachment":[{"href":"https:\/\/blog.ube.fr\/ajmgb\/wp-json\/wp\/v2\/media?parent=204"}],"wp:term":[{"taxonomy":"category","embeddable":true,"href":"https:\/\/blog.ube.fr\/ajmgb\/wp-json\/wp\/v2\/categories?post=204"},{"taxonomy":"post_tag","embeddable":true,"href":"https:\/\/blog.ube.fr\/ajmgb\/wp-json\/wp\/v2\/tags?post=204"}],"curies":[{"name":"wp","href":"https:\/\/api.w.org\/{rel}","templated":true}]}}