{"id":202,"date":"2023-05-28T12:47:12","date_gmt":"2023-05-28T10:47:12","guid":{"rendered":"https:\/\/blog.u-bourgogne.fr\/ajmgb\/?p=202"},"modified":"2023-09-02T20:02:58","modified_gmt":"2023-09-02T18:02:58","slug":"paray-le-monial","status":"publish","type":"post","link":"https:\/\/blog.ube.fr\/ajmgb\/2023\/05\/28\/paray-le-monial\/","title":{"rendered":"Paray-le-Monial"},"content":{"rendered":"<p style=\"text-align: justify;\">\ud83c\udfe0 <strong>Logement<\/strong> :\u00a0<span data-sheets-value=\"{&quot;1&quot;:2,&quot;2&quot;:&quot;10 chambres 2 studios, toilettes et douches communes \u00e0 chaque \u00e9tage, proche du centre ville et a 5min en voiture de l\u2019h\u00f4pital, vieux batiment n\u00e9cessitant des r\u00e9novations, particuli\u00e8rement SDB&quot;}\" data-sheets-userformat=\"{&quot;2&quot;:897,&quot;3&quot;:{&quot;1&quot;:0},&quot;10&quot;:1,&quot;11&quot;:4,&quot;12&quot;:0}\">10 chambres, 2 studios, toilettes et douches communes \u00e0 chaque \u00e9tage, proche du centre ville et \u00e0 5 mn en voiture de l\u2019h\u00f4pital. Vieux b\u00e2timent n\u00e9cessitant des r\u00e9novations, particuli\u00e8rement les salles de bains.<br \/>\n<\/span><\/p>\n<hr \/>\n<p style=\"text-align: justify;\">\ud83d\ude82 <strong>Transports<\/strong> :<\/p>\n<ul style=\"text-align: justify;\">\n<li>Vers Dijon : 1h45 en voiture \/ ligne TER en travaux, n\u00e9cessite actuellement 3 TER diff\u00e9rents pour un trajet de 3h environ.<\/li>\n<li>TER direct vers Le Creusot TGV (1) \/ Nevers (1h30) \/ Lyon (2h)<\/li>\n<\/ul>\n<hr \/>\n<p style=\"text-align: justify;\">\ud83c\udfad <strong>Vie Culturelle<\/strong> :<\/p>\n<ul style=\"text-align: justify;\">\n<li><a href=\"https:\/\/www.tourisme-paraylemonial.fr\/basilique-et-art-roman\/basilique.html\" target=\"_blank\" rel=\"noopener\">Basilique du Sacr\u00e9-Coeur<\/a> : Ce joyau de l\u2019art roman est le mod\u00e8le le mieux conserv\u00e9 de l\u2019architecture clunisienne en Bourgogne. L\u2019\u00e9glise a \u00e9t\u00e9 \u00e9difi\u00e9e au XII\u00e8me si\u00e8cle par Hugues de Semur, le plus important des abb\u00e9s de Cluny.<\/li>\n<li><a href=\"https:\/\/www.musee-hieron.fr\/\" target=\"_blank\" rel=\"noopener\">Le Hi\u00e9ron &#8211; Mus\u00e9e municipal<\/a> : abritant un tr\u00e9sor de joaillerie, <strong>la monumentale <i>Via Vit\u00e6<\/i> de Joseph Chaumet<\/strong> (1904) ainsi qu&#8217;un ensemble remarquable de <strong>peintures italiennes<\/strong> des XVII\u00e8me et XVIII\u00e8me si\u00e8cles, le mus\u00e9e se fait \u00e9galement l&#8217;\u00e9crin d&#8217;une <strong>collection d&#8217;art contemporain<\/strong> des 20e et 21e si\u00e8cles. Son \u00e9tonnante charpente en m\u00e9tal et verre est inspir\u00e9e de Gustave Eiffel.<\/li>\n<li><a href=\"http:\/\/www.musee-carrelage-charnoz.org\/\" target=\"_blank\" rel=\"noopener\">Mus\u00e9e d&#8217;Art et d&#8217;Industrie Paul Charnoz<\/a> : Ce mus\u00e9e fait conna\u00eetre de fa\u00e7on vivante et didactique les diff\u00e9rentes \u00e9tapes de la vie de l\u2019usine de carrelage c\u00e9ramique de Paray-le-Monial, \u00e0 travers ses technologies et ses productions, mais aussi gr\u00e2ce aux souvenirs et anecdotes de ses anciens salari\u00e9s.<\/li>\n<li><a href=\"https:\/\/maisondelamosaique.org\/\" target=\"_blank\" rel=\"noopener\">Maison de la Mosa\u00efque Contemporaine<\/a> : Depuis 2013, la Maison de la Mosa\u00efque Contemporaine travaille \u00e0 la mise en valeur de l\u2019art de la mosa\u00efque contemporaine \u00e0 travers une exposition d&#8217;envergure internationale durant la p\u00e9riode estivale, un espace d\u2019exposition permanente, un atelier avec des sessions de stages de formation durant l\u2019ann\u00e9e, et aussi son jardin-mosa\u00efque.<\/li>\n<\/ul>\n<hr \/>\n<div id='gallery-1' class='gallery galleryid-202 gallery-columns-2 gallery-size-full'><dl class='gallery-item'>\n\t\t\t<dt class='gallery-icon portrait'>\n\t\t\t\t<a href='https:\/\/blog.ube.fr\/ajmgb\/2023\/05\/28\/paray-le-monial\/bourgogne-fleurie_carte-9\/'><img loading=\"lazy\" decoding=\"async\" width=\"535\" height=\"713\" src=\"https:\/\/blog.ube.fr\/ajmgb\/wp-content\/uploads\/sites\/188\/2023\/05\/bourgogne-fleurie_carte-8.jpg\" class=\"attachment-full size-full\" alt=\"\" aria-describedby=\"gallery-1-591\" srcset=\"https:\/\/blog.ube.fr\/ajmgb\/wp-content\/uploads\/sites\/188\/2023\/05\/bourgogne-fleurie_carte-8.jpg 535w, https:\/\/blog.ube.fr\/ajmgb\/wp-content\/uploads\/sites\/188\/2023\/05\/bourgogne-fleurie_carte-8-225x300.jpg 225w\" sizes=\"auto, (max-width: 535px) 100vw, 535px\" \/><\/a>\n\t\t\t<\/dt>\n\t\t\t\t<dd class='wp-caption-text gallery-caption' id='gallery-1-591'>\n\t\t\t\tSituer Pray-le-Monial en Bourgogne\n\t\t\t\t<\/dd><\/dl><dl class='gallery-item'>\n\t\t\t<dt class='gallery-icon portrait'>\n\t\t\t\t<a href='https:\/\/blog.ube.fr\/ajmgb\/2023\/05\/28\/paray-le-monial\/170433846_3173118352791911_8451115305038373264_n\/'><img loading=\"lazy\" decoding=\"async\" width=\"810\" height=\"1080\" src=\"https:\/\/blog.ube.fr\/ajmgb\/wp-content\/uploads\/sites\/188\/2023\/05\/170433846_3173118352791911_8451115305038373264_n.jpg\" class=\"attachment-full size-full\" alt=\"\" aria-describedby=\"gallery-1-593\" srcset=\"https:\/\/blog.ube.fr\/ajmgb\/wp-content\/uploads\/sites\/188\/2023\/05\/170433846_3173118352791911_8451115305038373264_n.jpg 810w, https:\/\/blog.ube.fr\/ajmgb\/wp-content\/uploads\/sites\/188\/2023\/05\/170433846_3173118352791911_8451115305038373264_n-225x300.jpg 225w, https:\/\/blog.ube.fr\/ajmgb\/wp-content\/uploads\/sites\/188\/2023\/05\/170433846_3173118352791911_8451115305038373264_n-768x1024.jpg 768w\" sizes=\"auto, (max-width: 810px) 100vw, 810px\" \/><\/a>\n\t\t\t<\/dt>\n\t\t\t\t<dd class='wp-caption-text gallery-caption' id='gallery-1-593'>\n\t\t\t\tPont-Canal de Digoin\n\t\t\t\t<\/dd><\/dl><br style=\"clear: both\" \/><dl class='gallery-item'>\n\t\t\t<dt class='gallery-icon landscape'>\n\t\t\t\t<a href='https:\/\/blog.ube.fr\/ajmgb\/2023\/05\/28\/paray-le-monial\/title-1691513998\/'><img loading=\"lazy\" decoding=\"async\" width=\"667\" height=\"500\" src=\"https:\/\/blog.ube.fr\/ajmgb\/wp-content\/uploads\/sites\/188\/2023\/05\/title-1691513998.jpg\" class=\"attachment-full size-full\" alt=\"\" aria-describedby=\"gallery-1-590\" srcset=\"https:\/\/blog.ube.fr\/ajmgb\/wp-content\/uploads\/sites\/188\/2023\/05\/title-1691513998.jpg 667w, https:\/\/blog.ube.fr\/ajmgb\/wp-content\/uploads\/sites\/188\/2023\/05\/title-1691513998-300x225.jpg 300w\" sizes=\"auto, (max-width: 667px) 100vw, 667px\" \/><\/a>\n\t\t\t<\/dt>\n\t\t\t\t<dd class='wp-caption-text gallery-caption' id='gallery-1-590'>\n\t\t\t\tLe monast\u00e8re des Dominicaines &#8211; \u00a9 Herv\u00e9 Bachelard\n\t\t\t\t<\/dd><\/dl><dl class='gallery-item'>\n\t\t\t<dt class='gallery-icon landscape'>\n\t\t\t\t<a href='https:\/\/blog.ube.fr\/ajmgb\/2023\/05\/28\/paray-le-monial\/1280px-paray-le-monial_musee_eucharistique_du_hieron\/'><img loading=\"lazy\" decoding=\"async\" width=\"1133\" height=\"850\" src=\"https:\/\/blog.ube.fr\/ajmgb\/wp-content\/uploads\/sites\/188\/2023\/05\/1280px-Paray-le-Monial_Musee_eucharistique_du_Hieron.jpg\" class=\"attachment-full size-full\" alt=\"\" aria-describedby=\"gallery-1-592\" srcset=\"https:\/\/blog.ube.fr\/ajmgb\/wp-content\/uploads\/sites\/188\/2023\/05\/1280px-Paray-le-Monial_Musee_eucharistique_du_Hieron.jpg 1133w, https:\/\/blog.ube.fr\/ajmgb\/wp-content\/uploads\/sites\/188\/2023\/05\/1280px-Paray-le-Monial_Musee_eucharistique_du_Hieron-300x225.jpg 300w, https:\/\/blog.ube.fr\/ajmgb\/wp-content\/uploads\/sites\/188\/2023\/05\/1280px-Paray-le-Monial_Musee_eucharistique_du_Hieron-1024x768.jpg 1024w, https:\/\/blog.ube.fr\/ajmgb\/wp-content\/uploads\/sites\/188\/2023\/05\/1280px-Paray-le-Monial_Musee_eucharistique_du_Hieron-768x576.jpg 768w\" sizes=\"auto, (max-width: 1133px) 100vw, 1133px\" \/><\/a>\n\t\t\t<\/dt>\n\t\t\t\t<dd class='wp-caption-text gallery-caption' id='gallery-1-592'>\n\t\t\t\tMus\u00e9e du Hi\u00e9ron &#8211; \u00a9 Croquant\n\t\t\t\t<\/dd><\/dl><br style=\"clear: both\" \/><dl class='gallery-item'>\n\t\t\t<dt class='gallery-icon landscape'>\n\t\t\t\t<a href='https:\/\/blog.ube.fr\/ajmgb\/2023\/05\/28\/paray-le-monial\/372138981_301389915912377_6293913676733611486_n\/'><img loading=\"lazy\" decoding=\"async\" width=\"539\" height=\"404\" src=\"https:\/\/blog.ube.fr\/ajmgb\/wp-content\/uploads\/sites\/188\/2023\/05\/372138981_301389915912377_6293913676733611486_n.jpg\" class=\"attachment-full size-full\" alt=\"\" aria-describedby=\"gallery-1-594\" srcset=\"https:\/\/blog.ube.fr\/ajmgb\/wp-content\/uploads\/sites\/188\/2023\/05\/372138981_301389915912377_6293913676733611486_n.jpg 539w, https:\/\/blog.ube.fr\/ajmgb\/wp-content\/uploads\/sites\/188\/2023\/05\/372138981_301389915912377_6293913676733611486_n-300x225.jpg 300w\" sizes=\"auto, (max-width: 539px) 100vw, 539px\" \/><\/a>\n\t\t\t<\/dt>\n\t\t\t\t<dd class='wp-caption-text gallery-caption' id='gallery-1-594'>\n\t\t\t\tBasilique du Sacr\u00e9-Coeur &#8211; \u00a9 Marina Dusein\n\t\t\t\t<\/dd><\/dl><dl class='gallery-item'>\n\t\t\t<dt class='gallery-icon landscape'>\n\t\t\t\t<a href='https:\/\/blog.ube.fr\/ajmgb\/2023\/05\/28\/paray-le-monial\/paray-le-monial-saone-et-loire-bourgogne-route71-c-dsl-coflocs\/'><img loading=\"lazy\" decoding=\"async\" width=\"1425\" height=\"1069\" src=\"https:\/\/blog.ube.fr\/ajmgb\/wp-content\/uploads\/sites\/188\/2023\/05\/paray-le-monial-saone-et-loire-bourgogne-route71-C-dsl-coflocs.jpg\" class=\"attachment-full size-full\" alt=\"\" aria-describedby=\"gallery-1-595\" srcset=\"https:\/\/blog.ube.fr\/ajmgb\/wp-content\/uploads\/sites\/188\/2023\/05\/paray-le-monial-saone-et-loire-bourgogne-route71-C-dsl-coflocs.jpg 1425w, https:\/\/blog.ube.fr\/ajmgb\/wp-content\/uploads\/sites\/188\/2023\/05\/paray-le-monial-saone-et-loire-bourgogne-route71-C-dsl-coflocs-300x225.jpg 300w, https:\/\/blog.ube.fr\/ajmgb\/wp-content\/uploads\/sites\/188\/2023\/05\/paray-le-monial-saone-et-loire-bourgogne-route71-C-dsl-coflocs-1024x768.jpg 1024w, https:\/\/blog.ube.fr\/ajmgb\/wp-content\/uploads\/sites\/188\/2023\/05\/paray-le-monial-saone-et-loire-bourgogne-route71-C-dsl-coflocs-768x576.jpg 768w\" sizes=\"auto, (max-width: 1425px) 100vw, 1425px\" \/><\/a>\n\t\t\t<\/dt>\n\t\t\t\t<dd class='wp-caption-text gallery-caption' id='gallery-1-595'>\n\t\t\t\tCentre Ville\n\t\t\t\t<\/dd><\/dl><br style=\"clear: both\" \/>\n\t\t<\/div>\n\n<p style=\"text-align: justify;\"><a href=\"https:\/\/blog.ube.fr\/ajmgb\/stages\/lieux-de-stage\/\"><span style=\"font-size: 10pt; color: #0000ff;\">Retour \u00e0 la liste des stages<\/span><\/a><\/p>\n","protected":false},"excerpt":{"rendered":"<p>\ud83c\udfe0 Logement :\u00a010 chambres, 2 studios, toilettes et douches communes \u00e0 chaque \u00e9tage, proche du centre ville et \u00e0 5 mn en voiture de l\u2019h\u00f4pital. Vieux b\u00e2timent n\u00e9cessitant des r\u00e9novations, particuli\u00e8rement les salles de bains. \ud83d\ude82 Transports : Vers Dijon : 1h45 en voiture \/ ligne TER en travaux, n\u00e9cessite actuellement 3 TER diff\u00e9rents pour&hellip;<\/p>\n<p class=\"more-link-p\"><a class=\"btn btn-primary\" href=\"https:\/\/blog.ube.fr\/ajmgb\/2023\/05\/28\/paray-le-monial\/\">Voir plus &rarr;<\/a><\/p>\n","protected":false},"author":4923,"featured_media":0,"comment_status":"open","ping_status":"open","sticky":false,"template":"","format":"standard","meta":{"_exactmetrics_skip_tracking":false,"_exactmetrics_sitenote_active":false,"_exactmetrics_sitenote_note":"","_exactmetrics_sitenote_category":0,"footnotes":""},"categories":[4],"tags":[],"class_list":["post-202","post","type-post","status-publish","format-standard","hentry","category-lieux-de-stage"],"_links":{"self":[{"href":"https:\/\/blog.ube.fr\/ajmgb\/wp-json\/wp\/v2\/posts\/202","targetHints":{"allow":["GET"]}}],"collection":[{"href":"https:\/\/blog.ube.fr\/ajmgb\/wp-json\/wp\/v2\/posts"}],"about":[{"href":"https:\/\/blog.ube.fr\/ajmgb\/wp-json\/wp\/v2\/types\/post"}],"author":[{"embeddable":true,"href":"https:\/\/blog.ube.fr\/ajmgb\/wp-json\/wp\/v2\/users\/4923"}],"replies":[{"embeddable":true,"href":"https:\/\/blog.ube.fr\/ajmgb\/wp-json\/wp\/v2\/comments?post=202"}],"version-history":[{"count":4,"href":"https:\/\/blog.ube.fr\/ajmgb\/wp-json\/wp\/v2\/posts\/202\/revisions"}],"predecessor-version":[{"id":652,"href":"https:\/\/blog.ube.fr\/ajmgb\/wp-json\/wp\/v2\/posts\/202\/revisions\/652"}],"wp:attachment":[{"href":"https:\/\/blog.ube.fr\/ajmgb\/wp-json\/wp\/v2\/media?parent=202"}],"wp:term":[{"taxonomy":"category","embeddable":true,"href":"https:\/\/blog.ube.fr\/ajmgb\/wp-json\/wp\/v2\/categories?post=202"},{"taxonomy":"post_tag","embeddable":true,"href":"https:\/\/blog.ube.fr\/ajmgb\/wp-json\/wp\/v2\/tags?post=202"}],"curies":[{"name":"wp","href":"https:\/\/api.w.org\/{rel}","templated":true}]}}