{"id":200,"date":"2023-05-28T12:46:54","date_gmt":"2023-05-28T10:46:54","guid":{"rendered":"https:\/\/blog.u-bourgogne.fr\/ajmgb\/?p=200"},"modified":"2024-04-28T17:05:09","modified_gmt":"2024-04-28T15:05:09","slug":"nevers","status":"publish","type":"post","link":"https:\/\/blog.ube.fr\/ajmgb\/2023\/05\/28\/nevers\/","title":{"rendered":"Nevers"},"content":{"rendered":"<p style=\"text-align: justify;\">\ud83c\udfe0 <strong>Logement<\/strong> : Internat r\u00e9cemment remis \u00e0 neuf accueillant<span data-sheets-value=\"{&quot;1&quot;:2,&quot;2&quot;:&quot;Pluridisciplinaires, il y a autant des internes que des externes, des \u00e9tudiants SF, etc... 40 places, dont plusieurs studios pour couple.\\nNouvel internat tout neuf.&quot;}\" data-sheets-userformat=\"{&quot;2&quot;:897,&quot;3&quot;:{&quot;1&quot;:0},&quot;10&quot;:1,&quot;11&quot;:4,&quot;12&quot;:0}\"> autant des internes que des externes, des \u00e9tudiant.es sage-femme, etc&#8230; 40 places au total, dont quatre studios pour couple. Les espaces communs sont nombreux et spacieux avec une salle \u00e0 manger &#8211; salon, une cuisine, une salle de visio, une terrasse, une buanderie&#8230;.<\/span><\/p>\n<p>Pour les internes en stage ambulatoire, voici la liste des <a href=\"https:\/\/www.valdeloirenivernais.fr\/wp-content\/uploads\/2024\/04\/Lieux-hebergement-stagiaires.pdf\" rel=\"\">logements disponibles<\/a> dans le Pays Val de Loire Nivernais.<\/p>\n<hr \/>\n<p>\ud83e\udd11\u00a0<strong>Subventions<\/strong><\/p>\n<p>En plus des autres aides que tu peux d\u00e9j\u00e0 recevoir, le Pays Val de Loire Nivernais a mis en place une bourse de stage de 800\u20ac pour les internes en stage en cabinet sur leur territoire : <a href=\"https:\/\/blog.ube.fr\/ajmgb\/2023\/05\/28\/nevers\/2024-formulaire-de-demande-bourse-en-stage-ambulatoire-nievre\/\" rel=\"\">formulaire de demande bourse en stage ambulatoire Ni\u00e8vre<\/a><\/p>\n<p><a href=\"https:\/\/blog.ube.fr\/ajmgb\/2023\/05\/28\/nevers\/capture-7\/\" rel=\"attachment wp-att-827\"><img loading=\"lazy\" decoding=\"async\" class=\"aligncenter wp-image-827 size-full\" src=\"https:\/\/blog.ube.fr\/ajmgb\/wp-content\/uploads\/sites\/188\/2023\/05\/Capture.jpg\" alt=\"\" width=\"662\" height=\"936\" srcset=\"https:\/\/blog.ube.fr\/ajmgb\/wp-content\/uploads\/sites\/188\/2023\/05\/Capture.jpg 662w, https:\/\/blog.ube.fr\/ajmgb\/wp-content\/uploads\/sites\/188\/2023\/05\/Capture-212x300.jpg 212w\" sizes=\"auto, (max-width: 662px) 100vw, 662px\" \/><\/a><\/p>\n<hr \/>\n<p style=\"text-align: justify;\">\ud83d\ude82 <strong>Transports<\/strong> :<\/p>\n<p style=\"text-align: justify;\"><em>Ligne de TER vers Dijon actuellement en travaux jusqu&#8217;a d\u00e9but 2024, circulation modif\u00e9e.<\/em><\/p>\n<ul style=\"text-align: justify;\">\n<li>Vers Dijon : car TER de remplacement (3h30) \/ en voiture (2h45 environ)<\/li>\n<li>TER direct en direction de : Clermont-Ferrand (1h30) \/ Paris (2h) \/ Lyon (3h30mn) \/ Nantes (3h30)<\/li>\n<\/ul>\n<hr \/>\n<p style=\"text-align: justify;\">\ud83c\udfad <strong>Vie Culturelle<\/strong> :<\/p>\n<ul style=\"text-align: justify;\">\n<li><a href=\"https:\/\/culture.nevers.fr\/lieux-culturels\/theatre-municipal732\/\" target=\"_blank\" rel=\"noopener\">Th\u00e9\u00e2tre Municipal de Nevers<\/a> : le th\u00e9\u00e2tre propose, tout au long de l\u2019ann\u00e9e, une programmation riche et vari\u00e9e m\u00e9langeant, th\u00e9\u00e2tre, musique, magie, danse et humour.<\/li>\n<li><a href=\"https:\/\/www.nevers.fr\/decouvrir-nevers\/patrimoine\/edifices-publics\/palais-ducal\" target=\"_blank\" rel=\"noopener\">Le Palais Ducal<\/a> : symbole du pouvoir seigneurial dans la capitale du Nivernais, cette ancienne r\u00e9sidence est class\u00e9e Monument Historique depuis 1840, mais c&#8217;est \u00e9galement un lieu de vie accueillant r\u00e9unions, s\u00e9minaires, et plusieurs expositions tout au long de l&#8217;ann\u00e9e.<\/li>\n<li><a href=\"https:\/\/www.cinemazarin-nevers.fr\/seances\/horaires.html#\/\" target=\"_blank\" rel=\"noopener\">Cin\u00e9 Mazarin<\/a> : Large s\u00e9lection de films, principalement en version fran\u00e7aise. Le cin\u00e9ma propose \u00e9galement des s\u00e9ances en avant-premi\u00e8re de films art et essais.<\/li>\n<li><a href=\"https:\/\/culture.nevers.fr\/lieux-culturels\/musee-de-la-faience-et-des-beaux-arts_2040589\/\" target=\"_blank\" rel=\"noopener\">Mus\u00e9e de la Fa\u00efence et des Beaux Arts<\/a> : Install\u00e9 depuis 1975 dans une ancienne abbaye b\u00e9n\u00e9dictine et dans un ancien h\u00f4tel particulier du XIX\u00e8me si\u00e8cle, le mus\u00e9e vous invite \u00e0 la d\u00e9couverte d\u2019un savoir ancestral.<\/li>\n<\/ul>\n<table style=\"height: 1042px; width: 100%; border-collapse: collapse; border-color: #ffffff;\">\n<tbody>\n<tr style=\"height: 610px;\">\n<td style=\"width: 50%; height: 610px;\"><img loading=\"lazy\" decoding=\"async\" class=\"aligncenter\" style=\"padding: 4px; border-width: 1px; border-style: solid; border-color: rgba(0, 0, 0, 0.2); font-style: normal; font-variant-ligatures: normal; font-variant-caps: normal; font-weight: bold; font-family: 'Times New Roman'; font-size: 16px; background-image: none; background-position: initial; background-size: initial; background-repeat: initial; background-attachment: initial; background-origin: initial; background-clip: initial; box-shadow: rgba(0, 0, 0, 0.1) 0px 1px 3px; text-align: center;\" src=\"https:\/\/blog.ube.fr\/ajmgb\/wp-content\/uploads\/sites\/188\/2023\/05\/bourgogne-fleurie_carte-9.jpg\" alt=\"\" width=\"535\" height=\"713\" \/><\/p>\n<p style=\"text-align: center;\"><span style=\"font-family: 'Times New Roman'; font-size: 13px; font-style: normal; font-variant-ligatures: normal; font-variant-caps: normal; font-weight: 400; text-align: center;\">Situer N<\/span><\/p>\n<p style=\"text-align: center;\"><span style=\"font-family: 'Times New Roman'; font-size: 13px; font-style: normal; font-variant-ligatures: normal; font-variant-caps: normal; font-weight: 400; text-align: center;\"><a href=\"https:\/\/blog.ube.fr\/ajmgb\/stages\/lieux-de-stage\/\"><span style=\"font-size: 10pt; color: #0000ff;\">Retour \u00e0 la liste des stages<\/span><\/a>evers en Bourgogne<\/span><\/p>\n<\/td>\n<td style=\"width: 50%; height: 610px;\"><img loading=\"lazy\" decoding=\"async\" class=\"aligncenter\" style=\"padding: 4px; border-width: 1px; border-style: solid; border-color: rgba(0, 0, 0, 0.2); font-style: normal; font-variant-ligatures: normal; font-variant-caps: normal; font-weight: bold; font-family: 'Times New Roman'; font-size: 16px; background-image: none; background-position: initial; background-size: initial; background-repeat: initial; background-attachment: initial; background-origin: initial; background-clip: initial; box-shadow: rgba(0, 0, 0, 0.1) 0px 1px 3px; text-align: center;\" src=\"https:\/\/blog.ube.fr\/ajmgb\/wp-content\/uploads\/sites\/188\/2023\/05\/NeverPal30.jpg\" alt=\"\" width=\"405\" height=\"540\" \/><\/p>\n<p style=\"text-align: center;\"><span style=\"font-size: 10pt;\">Tourelle centrale du Palais Ducal<\/span><\/p>\n<\/td>\n<\/tr>\n<tr style=\"height: 432px;\">\n<td style=\"width: 50%; height: 432px;\">\n<p style=\"text-align: center;\"><img loading=\"lazy\" decoding=\"async\" class=\"aligncenter\" style=\"padding: 4px; border-width: 1px; border-style: solid; border-color: rgba(0, 0, 0, 0.2); font-style: normal; font-variant-ligatures: normal; font-variant-caps: normal; font-weight: bold; font-family: 'Times New Roman'; font-size: 16px; background-image: none; background-position: initial; background-size: initial; background-repeat: initial; background-attachment: initial; background-origin: initial; background-clip: initial; box-shadow: rgba(0, 0, 0, 0.1) 0px 1px 3px; text-align: center;\" src=\"https:\/\/blog.ube.fr\/ajmgb\/wp-content\/uploads\/sites\/188\/2023\/05\/Palais-ducal-2-%C2%A9-YG-960-1.jpg\" alt=\"\" width=\"784\" height=\"588\" \/><span style=\"font-family: 'Times New Roman'; font-size: 13px; font-style: normal; font-variant-ligatures: normal; font-variant-caps: normal; font-weight: 400; text-align: center;\">Palais Ducal \u00a9 Ville de Nevers<\/span><\/p>\n<\/td>\n<td style=\"width: 50%; height: 432px;\">\n<p style=\"text-align: center;\"><img loading=\"lazy\" decoding=\"async\" class=\"aligncenter\" style=\"padding: 4px; border-width: 1px; border-style: solid; border-color: rgba(0, 0, 0, 0.2); font-style: normal; font-variant-ligatures: normal; font-variant-caps: normal; font-weight: bold; font-family: 'Times New Roman'; font-size: 16px; background-image: none; background-position: initial; background-size: initial; background-repeat: initial; background-attachment: initial; background-origin: initial; background-clip: initial; box-shadow: rgba(0, 0, 0, 0.1) 0px 1px 3px; text-align: center;\" src=\"https:\/\/blog.ube.fr\/ajmgb\/wp-content\/uploads\/sites\/188\/2023\/05\/Nevers-Loirebreck-w-2.jpg\" alt=\"\" width=\"1312\" height=\"984\" \/><span style=\"font-size: 10pt;\">Pont de Loire<\/span><\/p>\n<\/td>\n<\/tr>\n<\/tbody>\n<\/table>\n<div class=\"gallery gallery-columns-2\" style=\"text-align: justify;\"><\/div>\n<p><iframe loading=\"lazy\" title=\"NEVERS EST-ELLE LA PIRE VILLE DE FRANCE ? (non)\" width=\"656\" height=\"369\" src=\"https:\/\/www.youtube.com\/embed\/cdjxubSwBnI?feature=oembed\" frameborder=\"0\" allow=\"accelerometer; autoplay; clipboard-write; encrypted-media; gyroscope; picture-in-picture; web-share\" referrerpolicy=\"strict-origin-when-cross-origin\" allowfullscreen><\/iframe><\/p>\n<p style=\"text-align: justify;\"><a href=\"https:\/\/blog.ube.fr\/ajmgb\/stages\/lieux-de-stage\/\"><span style=\"font-size: 10pt; color: #0000ff;\">Retour \u00e0 la liste des stages<\/span><\/a><\/p>\n","protected":false},"excerpt":{"rendered":"<p>\ud83c\udfe0 Logement : Internat r\u00e9cemment remis \u00e0 neuf accueillant autant des internes que des externes, des \u00e9tudiant.es sage-femme, etc&#8230; 40 places au total, dont quatre studios pour couple. Les espaces communs sont nombreux et spacieux avec une salle \u00e0 manger &#8211; salon, une cuisine, une salle de visio, une terrasse, une buanderie&#8230;. Pour les internes&hellip;<\/p>\n<p class=\"more-link-p\"><a class=\"btn btn-primary\" href=\"https:\/\/blog.ube.fr\/ajmgb\/2023\/05\/28\/nevers\/\">Voir plus &rarr;<\/a><\/p>\n","protected":false},"author":4923,"featured_media":0,"comment_status":"open","ping_status":"open","sticky":false,"template":"","format":"standard","meta":{"_exactmetrics_skip_tracking":false,"_exactmetrics_sitenote_active":false,"_exactmetrics_sitenote_note":"","_exactmetrics_sitenote_category":0,"footnotes":""},"categories":[4],"tags":[],"class_list":["post-200","post","type-post","status-publish","format-standard","hentry","category-lieux-de-stage"],"_links":{"self":[{"href":"https:\/\/blog.ube.fr\/ajmgb\/wp-json\/wp\/v2\/posts\/200","targetHints":{"allow":["GET"]}}],"collection":[{"href":"https:\/\/blog.ube.fr\/ajmgb\/wp-json\/wp\/v2\/posts"}],"about":[{"href":"https:\/\/blog.ube.fr\/ajmgb\/wp-json\/wp\/v2\/types\/post"}],"author":[{"embeddable":true,"href":"https:\/\/blog.ube.fr\/ajmgb\/wp-json\/wp\/v2\/users\/4923"}],"replies":[{"embeddable":true,"href":"https:\/\/blog.ube.fr\/ajmgb\/wp-json\/wp\/v2\/comments?post=200"}],"version-history":[{"count":8,"href":"https:\/\/blog.ube.fr\/ajmgb\/wp-json\/wp\/v2\/posts\/200\/revisions"}],"predecessor-version":[{"id":828,"href":"https:\/\/blog.ube.fr\/ajmgb\/wp-json\/wp\/v2\/posts\/200\/revisions\/828"}],"wp:attachment":[{"href":"https:\/\/blog.ube.fr\/ajmgb\/wp-json\/wp\/v2\/media?parent=200"}],"wp:term":[{"taxonomy":"category","embeddable":true,"href":"https:\/\/blog.ube.fr\/ajmgb\/wp-json\/wp\/v2\/categories?post=200"},{"taxonomy":"post_tag","embeddable":true,"href":"https:\/\/blog.ube.fr\/ajmgb\/wp-json\/wp\/v2\/tags?post=200"}],"curies":[{"name":"wp","href":"https:\/\/api.w.org\/{rel}","templated":true}]}}