{"id":198,"date":"2023-05-28T12:46:41","date_gmt":"2023-05-28T10:46:41","guid":{"rendered":"https:\/\/blog.u-bourgogne.fr\/ajmgb\/?p=198"},"modified":"2023-09-02T19:57:23","modified_gmt":"2023-09-02T17:57:23","slug":"montceau-les-mines","status":"publish","type":"post","link":"https:\/\/blog.ube.fr\/ajmgb\/2023\/05\/28\/montceau-les-mines\/","title":{"rendered":"Montceau-les-Mines"},"content":{"rendered":"<p style=\"text-align: justify;\">\ud83c\udfe0 <strong>Logement<\/strong> :\u00a0<span data-sheets-value=\"{&quot;1&quot;:2,&quot;2&quot;:&quot;R\u00e9cup\u00e9ration des chambres de l'internat par un service de l'hopital et aucune solution trouv\u00e9e pour novembre 2022. Actuellement il y a 8 internes et 2 externes qui y logent. Niveau chambres, cela varie selon le besoin qu'ils pr\u00e9voient \u00e9galement pour des m\u00e9decins \/ int\u00e9rimaires r\u00e9guliers \/ FFI etc&quot;}\" data-sheets-userformat=\"{&quot;2&quot;:897,&quot;3&quot;:{&quot;1&quot;:0},&quot;10&quot;:1,&quot;11&quot;:4,&quot;12&quot;:0}\">R\u00e9cup\u00e9ration des chambres de l&#8217;internat par un service de l&#8217;h\u00f4pital et aucune solution officielle de remplacement ne nous a \u00e9t\u00e9 pr\u00e9sent\u00e9e pour le moment pour novembre 2023 (mais des projets sont en cours).<br \/>\n<\/span><\/p>\n<hr \/>\n<p style=\"text-align: justify;\">\ud83d\ude82 <strong>Transports<\/strong> :<\/p>\n<ul style=\"text-align: justify;\">\n<li>Vers Dijon : 1h de bus (ligne TER en travaux actuellement) puis changement \u00e0 Chalon et 1h de TER \/ environ 1h30 en voiture.<\/li>\n<li>TER direct pour : Paray-le-Monial (30mn) Clermont-Ferrand (3h)<\/li>\n<li>TGV direct depuis la gare de Le Creusot\/Montceau TGV\u00a0 (\u00e0 20mn en voiture du centre de Montceau et accessible via une navette) : Lyon (1h) \/ Paris Gare de Lyon (1h) \/ A\u00e9roport Charles de Gaule (1h30) \/ Lille (2h30) \/ Bruxelles (3h10)<\/li>\n<\/ul>\n<hr \/>\n<p style=\"text-align: justify;\">\ud83c\udfad <strong>Vie Culturelle<\/strong> :<\/p>\n<ul style=\"text-align: justify;\">\n<li><a href=\"https:\/\/www.creusotmontceautourisme.fr\/a-voir-a-faire\/activites\/sites-et-visites\/usine-aillot-galerie-du-camion-ancien-2286210\" target=\"_blank\" rel=\"noopener\">Usine Aillot &#8211; Galerie du Camion ancien<\/a> : <span class=\"establishment-light-description\">L&#8217;usine date du XIXe si\u00e8cle et a \u00e9t\u00e9 restaur\u00e9e et mise en valeur pour accueillir un ensemble de v\u00e9hicules de collection, poids lourds des ann\u00e9es 1941 \u00e0 1986.<\/span><\/li>\n<li><a href=\"https:\/\/www.musee-mine-blanzy.fr\/histoire-du-musee\/\" target=\"_blank\" rel=\"noopener\">Mus\u00e9e de la Mine<\/a> : dernier t\u00e9moin de l\u2019activit\u00e9 mini\u00e8re souterraine aujourd\u2019hui disparue. Elle abrite une collection de lampes qui permet de retracer l\u2019histoire de l\u2019\u00e9clairage individuel en usage au fond de la mine. Le visiteur parcourt ainsi plus de 200 m\u00e8tres de galeries. Il d\u00e9couvre la traditionnelle galerie en bois et celle avec sout\u00e8nement m\u00e9tallique.<\/li>\n<li><a href=\"http:\/\/chateaudedigoine.fr\/\" target=\"_blank\" rel=\"noopener\">Ch\u00e2teau de Digoine<\/a> :\u00a0 Erig\u00e9 au XIV\u00e8me si\u00e8cle, le ch\u00e2teau est accessible aux visiteurs pour admirer le mobilier d&#8217;\u00e9poque et la collection d&#8217;art du XIX\u00e8me si\u00e8cle. Il est \u00e9galement possible de visiter ses parcs et jardins \u00e0 l&#8217;anglaise class\u00e9s Monument Historique, le trac\u00e9 au contour de l\u2019espace en herbe est sign\u00e9 du c\u00e9l\u00e8bre architecte paysagiste Achille Duch\u00eane.<\/li>\n<\/ul>\n<hr \/>\n<div id='gallery-1' class='gallery galleryid-198 gallery-columns-2 gallery-size-full'><dl class='gallery-item'>\n\t\t\t<dt class='gallery-icon landscape'>\n\t\t\t\t<a href='https:\/\/blog.ube.fr\/ajmgb\/2023\/05\/28\/montceau-les-mines\/plavoirchavannes01\/'><img loading=\"lazy\" decoding=\"async\" width=\"850\" height=\"567\" src=\"https:\/\/blog.ube.fr\/ajmgb\/wp-content\/uploads\/sites\/188\/2023\/05\/plavoirchavannes01.jpg\" class=\"attachment-full size-full\" alt=\"\" aria-describedby=\"gallery-1-562\" srcset=\"https:\/\/blog.ube.fr\/ajmgb\/wp-content\/uploads\/sites\/188\/2023\/05\/plavoirchavannes01.jpg 850w, https:\/\/blog.ube.fr\/ajmgb\/wp-content\/uploads\/sites\/188\/2023\/05\/plavoirchavannes01-300x200.jpg 300w, https:\/\/blog.ube.fr\/ajmgb\/wp-content\/uploads\/sites\/188\/2023\/05\/plavoirchavannes01-768x512.jpg 768w\" sizes=\"auto, (max-width: 850px) 100vw, 850px\" \/><\/a>\n\t\t\t<\/dt>\n\t\t\t\t<dd class='wp-caption-text gallery-caption' id='gallery-1-562'>\n\t\t\t\tLe Lavoir des Chavannes &#8211; \u00a9 Exxplore.fr\n\t\t\t\t<\/dd><\/dl><dl class='gallery-item'>\n\t\t\t<dt class='gallery-icon landscape'>\n\t\t\t\t<a href='https:\/\/blog.ube.fr\/ajmgb\/2023\/05\/28\/montceau-les-mines\/usineaillotlesleywillimson3\/'><img loading=\"lazy\" decoding=\"async\" width=\"640\" height=\"480\" src=\"https:\/\/blog.ube.fr\/ajmgb\/wp-content\/uploads\/sites\/188\/2023\/05\/usineaillotlesleywillimson3.jpg\" class=\"attachment-full size-full\" alt=\"\" aria-describedby=\"gallery-1-563\" srcset=\"https:\/\/blog.ube.fr\/ajmgb\/wp-content\/uploads\/sites\/188\/2023\/05\/usineaillotlesleywillimson3.jpg 640w, https:\/\/blog.ube.fr\/ajmgb\/wp-content\/uploads\/sites\/188\/2023\/05\/usineaillotlesleywillimson3-300x225.jpg 300w\" sizes=\"auto, (max-width: 640px) 100vw, 640px\" \/><\/a>\n\t\t\t<\/dt>\n\t\t\t\t<dd class='wp-caption-text gallery-caption' id='gallery-1-563'>\n\t\t\t\tUsine Aillot &#8211; \u00a9 Association Camion ancien.\n\t\t\t\t<\/dd><\/dl><br style=\"clear: both\" \/><dl class='gallery-item'>\n\t\t\t<dt class='gallery-icon landscape'>\n\t\t\t\t<a href='https:\/\/blog.ube.fr\/ajmgb\/2023\/05\/28\/montceau-les-mines\/photosmontceaulesminescapitaineriedji-dji0072-2\/'><img loading=\"lazy\" decoding=\"async\" width=\"480\" height=\"360\" src=\"https:\/\/blog.ube.fr\/ajmgb\/wp-content\/uploads\/sites\/188\/2023\/05\/photosmontceaulesminescapitaineriedji-dji0072-1.jpg\" class=\"attachment-full size-full\" alt=\"\" aria-describedby=\"gallery-1-573\" srcset=\"https:\/\/blog.ube.fr\/ajmgb\/wp-content\/uploads\/sites\/188\/2023\/05\/photosmontceaulesminescapitaineriedji-dji0072-1.jpg 480w, https:\/\/blog.ube.fr\/ajmgb\/wp-content\/uploads\/sites\/188\/2023\/05\/photosmontceaulesminescapitaineriedji-dji0072-1-300x225.jpg 300w\" sizes=\"auto, (max-width: 480px) 100vw, 480px\" \/><\/a>\n\t\t\t<\/dt>\n\t\t\t\t<dd class='wp-caption-text gallery-caption' id='gallery-1-573'>\n\t\t\t\tCentre Ville\n\t\t\t\t<\/dd><\/dl><dl class='gallery-item'>\n\t\t\t<dt class='gallery-icon landscape'>\n\t\t\t\t<a href='https:\/\/blog.ube.fr\/ajmgb\/2023\/05\/28\/montceau-les-mines\/chateau-de-digoine\/'><img loading=\"lazy\" decoding=\"async\" width=\"800\" height=\"540\" src=\"https:\/\/blog.ube.fr\/ajmgb\/wp-content\/uploads\/sites\/188\/2023\/05\/chateau-de-Digoine.jpg\" class=\"attachment-full size-full\" alt=\"\" aria-describedby=\"gallery-1-564\" srcset=\"https:\/\/blog.ube.fr\/ajmgb\/wp-content\/uploads\/sites\/188\/2023\/05\/chateau-de-Digoine.jpg 800w, https:\/\/blog.ube.fr\/ajmgb\/wp-content\/uploads\/sites\/188\/2023\/05\/chateau-de-Digoine-300x203.jpg 300w, https:\/\/blog.ube.fr\/ajmgb\/wp-content\/uploads\/sites\/188\/2023\/05\/chateau-de-Digoine-768x518.jpg 768w\" sizes=\"auto, (max-width: 800px) 100vw, 800px\" \/><\/a>\n\t\t\t<\/dt>\n\t\t\t\t<dd class='wp-caption-text gallery-caption' id='gallery-1-564'>\n\t\t\t\tChateau de Digoine &#8211; \u00a9 Maryl\u00e8ne MINOT\n\t\t\t\t<\/dd><\/dl><br style=\"clear: both\" \/><dl class='gallery-item'>\n\t\t\t<dt class='gallery-icon portrait'>\n\t\t\t\t<a href='https:\/\/blog.ube.fr\/ajmgb\/2023\/05\/28\/montceau-les-mines\/bourgogne-fleurie_carte-8\/'><img loading=\"lazy\" decoding=\"async\" width=\"535\" height=\"713\" src=\"https:\/\/blog.ube.fr\/ajmgb\/wp-content\/uploads\/sites\/188\/2023\/05\/bourgogne-fleurie_carte-7.jpg\" class=\"attachment-full size-full\" alt=\"\" aria-describedby=\"gallery-1-571\" srcset=\"https:\/\/blog.ube.fr\/ajmgb\/wp-content\/uploads\/sites\/188\/2023\/05\/bourgogne-fleurie_carte-7.jpg 535w, https:\/\/blog.ube.fr\/ajmgb\/wp-content\/uploads\/sites\/188\/2023\/05\/bourgogne-fleurie_carte-7-225x300.jpg 225w\" sizes=\"auto, (max-width: 535px) 100vw, 535px\" \/><\/a>\n\t\t\t<\/dt>\n\t\t\t\t<dd class='wp-caption-text gallery-caption' id='gallery-1-571'>\n\t\t\t\tSituer Montceau en Bourgogne\n\t\t\t\t<\/dd><\/dl><dl class='gallery-item'>\n\t\t\t<dt class='gallery-icon portrait'>\n\t\t\t\t<a href='https:\/\/blog.ube.fr\/ajmgb\/2023\/05\/28\/montceau-les-mines\/336409229_731769738395670_4558094273878125530_n-3\/'><img loading=\"lazy\" decoding=\"async\" width=\"1920\" height=\"2560\" src=\"https:\/\/blog.ube.fr\/ajmgb\/wp-content\/uploads\/sites\/188\/2023\/05\/336409229_731769738395670_4558094273878125530_n-2-scaled.jpg\" class=\"attachment-full size-full\" alt=\"\" aria-describedby=\"gallery-1-572\" srcset=\"https:\/\/blog.ube.fr\/ajmgb\/wp-content\/uploads\/sites\/188\/2023\/05\/336409229_731769738395670_4558094273878125530_n-2-scaled.jpg 1920w, https:\/\/blog.ube.fr\/ajmgb\/wp-content\/uploads\/sites\/188\/2023\/05\/336409229_731769738395670_4558094273878125530_n-2-225x300.jpg 225w, https:\/\/blog.ube.fr\/ajmgb\/wp-content\/uploads\/sites\/188\/2023\/05\/336409229_731769738395670_4558094273878125530_n-2-768x1024.jpg 768w, https:\/\/blog.ube.fr\/ajmgb\/wp-content\/uploads\/sites\/188\/2023\/05\/336409229_731769738395670_4558094273878125530_n-2-1152x1536.jpg 1152w, https:\/\/blog.ube.fr\/ajmgb\/wp-content\/uploads\/sites\/188\/2023\/05\/336409229_731769738395670_4558094273878125530_n-2-1536x2048.jpg 1536w\" sizes=\"auto, (max-width: 1920px) 100vw, 1920px\" \/><\/a>\n\t\t\t<\/dt>\n\t\t\t\t<dd class='wp-caption-text gallery-caption' id='gallery-1-572'>\n\t\t\t\tCh\u00e2teau de Galuzot &#8211; H\u00f4pital historique\n\t\t\t\t<\/dd><\/dl><br style=\"clear: both\" \/>\n\t\t<\/div>\n\n<p><a href=\"https:\/\/blog.ube.fr\/ajmgb\/stages\/lieux-de-stage\/\"><span style=\"font-size: 10pt; color: #0000ff;\">Retour \u00e0 la liste des stages<\/span><\/a><\/p>\n","protected":false},"excerpt":{"rendered":"<p>\ud83c\udfe0 Logement :\u00a0R\u00e9cup\u00e9ration des chambres de l&#8217;internat par un service de l&#8217;h\u00f4pital et aucune solution officielle de remplacement ne nous a \u00e9t\u00e9 pr\u00e9sent\u00e9e pour le moment pour novembre 2023 (mais des projets sont en cours). \ud83d\ude82 Transports : Vers Dijon : 1h de bus (ligne TER en travaux actuellement) puis changement \u00e0 Chalon et 1h&hellip;<\/p>\n<p class=\"more-link-p\"><a class=\"btn btn-primary\" href=\"https:\/\/blog.ube.fr\/ajmgb\/2023\/05\/28\/montceau-les-mines\/\">Voir plus &rarr;<\/a><\/p>\n","protected":false},"author":4923,"featured_media":0,"comment_status":"open","ping_status":"open","sticky":false,"template":"","format":"standard","meta":{"_exactmetrics_skip_tracking":false,"_exactmetrics_sitenote_active":false,"_exactmetrics_sitenote_note":"","_exactmetrics_sitenote_category":0,"footnotes":""},"categories":[4],"tags":[],"class_list":["post-198","post","type-post","status-publish","format-standard","hentry","category-lieux-de-stage"],"_links":{"self":[{"href":"https:\/\/blog.ube.fr\/ajmgb\/wp-json\/wp\/v2\/posts\/198","targetHints":{"allow":["GET"]}}],"collection":[{"href":"https:\/\/blog.ube.fr\/ajmgb\/wp-json\/wp\/v2\/posts"}],"about":[{"href":"https:\/\/blog.ube.fr\/ajmgb\/wp-json\/wp\/v2\/types\/post"}],"author":[{"embeddable":true,"href":"https:\/\/blog.ube.fr\/ajmgb\/wp-json\/wp\/v2\/users\/4923"}],"replies":[{"embeddable":true,"href":"https:\/\/blog.ube.fr\/ajmgb\/wp-json\/wp\/v2\/comments?post=198"}],"version-history":[{"count":5,"href":"https:\/\/blog.ube.fr\/ajmgb\/wp-json\/wp\/v2\/posts\/198\/revisions"}],"predecessor-version":[{"id":650,"href":"https:\/\/blog.ube.fr\/ajmgb\/wp-json\/wp\/v2\/posts\/198\/revisions\/650"}],"wp:attachment":[{"href":"https:\/\/blog.ube.fr\/ajmgb\/wp-json\/wp\/v2\/media?parent=198"}],"wp:term":[{"taxonomy":"category","embeddable":true,"href":"https:\/\/blog.ube.fr\/ajmgb\/wp-json\/wp\/v2\/categories?post=198"},{"taxonomy":"post_tag","embeddable":true,"href":"https:\/\/blog.ube.fr\/ajmgb\/wp-json\/wp\/v2\/tags?post=198"}],"curies":[{"name":"wp","href":"https:\/\/api.w.org\/{rel}","templated":true}]}}