{"id":196,"date":"2023-05-28T12:46:23","date_gmt":"2023-05-28T10:46:23","guid":{"rendered":"https:\/\/blog.u-bourgogne.fr\/ajmgb\/?p=196"},"modified":"2025-07-15T19:38:56","modified_gmt":"2025-07-15T17:38:56","slug":"macon","status":"publish","type":"post","link":"https:\/\/blog.ube.fr\/ajmgb\/2023\/05\/28\/macon\/","title":{"rendered":"M\u00e2con"},"content":{"rendered":"<p style=\"text-align: justify;\">\ud83c\udfe0 <strong>Logement<\/strong> : <span data-sheets-value=\"{&quot;1&quot;:2,&quot;2&quot;:&quot;Plusieurs internats et logements r\u00e9partis dans plusieurs batiments, globalement remis \u00e0 neuf avec suffisemment de places pour accueillir l'ensemble des internes. Donn\u00e9es semestre hiver 2022-2023 :\\n&gt; Internat (restauration et salle commun dans le batiment) : 1er \u00e9tage 12 chambres (dont 4 studios avec priorit\u00e9 aux couples), 2e \u00e9tage 12 chambres (dont 4 studios avec priorit\u00e9 aux couples)\\n&gt; Villa intrahospitali\u00e8re : 4 chambres (Chambres dans une villa sur le site principal du Centre hospitalier. Cuisine \u00e9quip\u00e9e, 1 Salle de bain et salle commune \u00e0 partager. Situ\u00e9e \u00e0 proximit\u00e9 imm\u00e9diate de l\u2019Internat), \\n&gt; Studios meubl\u00e9s 27 bd des 9 cl\u00e9s 71850 Charnay les macon : 6 chambres (Logement \u00e0 proximit\u00e9 du centre-ville, \u00e0 10 minutes \u00e0 pieds du site principal du Centre hospitalier. Studio individuel avec cuisine et r\u00e9frig\u00e9rateur. SDB individuelle)\\n&gt; Studios meubl\u00e9s 27 bis bd des 9 cl\u00e9s 71850 Charnay les macon: 2 chambres (idem)\\n&gt; APPARTEMENT MEUBLE du 138 place de l'Europe - 71850 CHARNAY LES MACON : 1 T3 avec 2 chambres, 1 T4 avec 3 chambres (idem)\\n&gt; APPARTEMENT MEUBLE du 25 place de l'Europe - 71850 CHARNAY LES MACON : 1 T4 avec 3 chambres (idem)\\n&gt; APPARTEMENT MEUBLE du 5 all\u00e9e de la villa romaine - 71850 CHARNAY LES MACON : 1 T3 avec 2 chambres (idem)\\n&gt; APPARTEMENT MEUBLE du 52 rue de Hongrie - 71850 CHARNAY LES MACON : 1 T3 avec 2 chambres (idem)\\n&gt; Villa HOTEL DIEU - rue du 11 novembre 1918 71000 MACON : 4 chambres (Chambres dans une villa sur le site de l\u2019H\u00f4tel-Dieu. Cuisine \u00e9quip\u00e9e, 2 Salles de bain et salle commune \u00e0 partager. Situ\u00e9e en centre-ville. A 20-25 minutes \u00e0 pied du site principal du Centre hospitalier et sur une ligne de bus)\\n&gt; Villa 129 rue de la Rocade 71 000 MACON : 6 chambres (Chambres dans une villa dans un quartier r\u00e9sidentiel. Cuisine \u00e9quip\u00e9e, 2 Salles de bain et salle commune \u00e0 partager. Jardin avec salon de jardin + barbecue Situ\u00e9e proche du CH. A 8-10 minutes \u00e0 pied du site principal du Centre hospitalier)&quot;}\" data-sheets-userformat=\"{&quot;2&quot;:897,&quot;3&quot;:{&quot;1&quot;:0},&quot;10&quot;:1,&quot;11&quot;:4,&quot;12&quot;:0}\">Plusieurs logements r\u00e9partis dans diff\u00e9rents b\u00e2timents, globalement remis \u00e0 neuf avec suffisamment de places pour accueillir l&#8217;ensemble des internes. Un internat principal pouvant accueillir jusqu&#8217;\u00e0 24 internes associ\u00e9 \u00e0 diff\u00e9rents appartements et studios en colocation de 2 \u00e0 6 chambres r\u00e9parties aux alentours de l&#8217;h\u00f4pital.<\/span><\/p>\n<hr \/>\n<p style=\"text-align: justify;\">\ud83d\ude82 <strong>Transports<\/strong> :<\/p>\n<ul style=\"text-align: justify;\">\n<li>Vers Dijon : 1h10 de TER \/ environ 1h en voiture<\/li>\n<li>Vers Lyon : 45 min de TER<\/li>\n<li>TGV direct depuis la gare de M\u00e2con-Loch\u00e9 TGV en direction de : Lyon (35mn) \/ Paris (1h30) \/ Annecy (2h15) \/ Milan (5h30)<\/li>\n<\/ul>\n<hr \/>\n<p style=\"text-align: justify;\">\ud83c\udfad <strong>Vie Culturelle<\/strong> :<\/p>\n<ul style=\"text-align: justify;\">\n<li><a href=\"https:\/\/www.bourgogne-tourisme.com\/decouvrir\/vacances-au-vert\/sites-naturels-incontournables\/la-roche-de-solutre\/\" target=\"_blank\" rel=\"noopener\">Roche du Solutr\u00e9<\/a> : A l\u2019extr\u00eame sud de la Bourgogne, le Grand Site de Solutr\u00e9 Pouilly Vergisson est reconnu pour ses richesses patrimoniales et paysag\u00e8res remarquables. Son d\u00e9cor unique est marqu\u00e9 par deux superbes escarpements aux pieds desquels s\u2019\u00e9tend un vaste vignoble aux crus r\u00e9put\u00e9s, 8 km \u00e0 l&#8217;ouest de M\u00e2con.<\/li>\n<li><a href=\"https:\/\/www.macon.fr\/vivre-et-bouger-a-macon\/culture\/musee-des-ursulines\" target=\"_blank\" rel=\"noopener\">Mus\u00e9e des Ursulines<\/a> : Situ\u00e9 au c\u0153ur de la ville, dans un ancien couvent du XVIIe si\u00e8cle, le mus\u00e9e des Ursulines figure parmi les incontournables des parcours touristiques patrimoniaux de M\u00e2con. Les collections labellis\u00e9es \u00ab Mus\u00e9e de France \u00bb rassemblent plus de 25 000 \u0153uvres qui forment un panorama de l\u2019Antiquit\u00e9 au XXe si\u00e8cle.<\/li>\n<li><a href=\"https:\/\/www.allocine.fr\/seance\/salle_gen_csalle=P0207.html\" target=\"_blank\" rel=\"noopener\">Path\u00e9 M\u00e2con<\/a> : Grand cin\u00e9ma proposant une large s\u00e9lection des derni\u00e8res sorties ainsi que quelques rediffusions de films cultes, aussi bien en version fran\u00e7aise qu&#8217;en version sous-titr\u00e9e.<\/li>\n<\/ul>\n<p><a href=\"https:\/\/blog.ube.fr\/ajmgb\/2023\/05\/28\/macon\/marguerite-du-maconnais\/\" rel=\"attachment wp-att-1017\"><img loading=\"lazy\" decoding=\"async\" class=\"aligncenter wp-image-1017 size-full\" src=\"https:\/\/blog.ube.fr\/ajmgb\/wp-content\/uploads\/sites\/188\/2023\/05\/Marguerite-du-maconnais-scaled.jpg\" alt=\"\" width=\"1810\" height=\"2560\" srcset=\"https:\/\/blog.ube.fr\/ajmgb\/wp-content\/uploads\/sites\/188\/2023\/05\/Marguerite-du-maconnais-scaled.jpg 1810w, https:\/\/blog.ube.fr\/ajmgb\/wp-content\/uploads\/sites\/188\/2023\/05\/Marguerite-du-maconnais-212x300.jpg 212w, https:\/\/blog.ube.fr\/ajmgb\/wp-content\/uploads\/sites\/188\/2023\/05\/Marguerite-du-maconnais-724x1024.jpg 724w, https:\/\/blog.ube.fr\/ajmgb\/wp-content\/uploads\/sites\/188\/2023\/05\/Marguerite-du-maconnais-768x1086.jpg 768w, https:\/\/blog.ube.fr\/ajmgb\/wp-content\/uploads\/sites\/188\/2023\/05\/Marguerite-du-maconnais-1086x1536.jpg 1086w, https:\/\/blog.ube.fr\/ajmgb\/wp-content\/uploads\/sites\/188\/2023\/05\/Marguerite-du-maconnais-1448x2048.jpg 1448w\" sizes=\"auto, (max-width: 1810px) 100vw, 1810px\" \/><\/a><\/p>\n<hr \/>\n<div id='gallery-1' class='gallery galleryid-196 gallery-columns-2 gallery-size-full'><dl class='gallery-item'>\n\t\t\t<dt class='gallery-icon portrait'>\n\t\t\t\t<a href='https:\/\/blog.ube.fr\/ajmgb\/2023\/05\/28\/macon\/bourgogne-fleurie_carte-5\/'><img loading=\"lazy\" decoding=\"async\" width=\"535\" height=\"713\" src=\"https:\/\/blog.ube.fr\/ajmgb\/wp-content\/uploads\/sites\/188\/2023\/05\/bourgogne-fleurie_carte-4.jpg\" class=\"attachment-full size-full\" alt=\"\" srcset=\"https:\/\/blog.ube.fr\/ajmgb\/wp-content\/uploads\/sites\/188\/2023\/05\/bourgogne-fleurie_carte-4.jpg 535w, https:\/\/blog.ube.fr\/ajmgb\/wp-content\/uploads\/sites\/188\/2023\/05\/bourgogne-fleurie_carte-4-225x300.jpg 225w\" sizes=\"auto, (max-width: 535px) 100vw, 535px\" \/><\/a>\n\t\t\t<\/dt><\/dl><dl class='gallery-item'>\n\t\t\t<dt class='gallery-icon portrait'>\n\t\t\t\t<a href='https:\/\/blog.ube.fr\/ajmgb\/2023\/05\/28\/macon\/roche-du-solutre-2\/'><img loading=\"lazy\" decoding=\"async\" width=\"515\" height=\"686\" src=\"https:\/\/blog.ube.fr\/ajmgb\/wp-content\/uploads\/sites\/188\/2023\/05\/Roche-du-Solutre-1.jpg\" class=\"attachment-full size-full\" alt=\"\" aria-describedby=\"gallery-1-543\" srcset=\"https:\/\/blog.ube.fr\/ajmgb\/wp-content\/uploads\/sites\/188\/2023\/05\/Roche-du-Solutre-1.jpg 515w, https:\/\/blog.ube.fr\/ajmgb\/wp-content\/uploads\/sites\/188\/2023\/05\/Roche-du-Solutre-1-225x300.jpg 225w\" sizes=\"auto, (max-width: 515px) 100vw, 515px\" \/><\/a>\n\t\t\t<\/dt>\n\t\t\t\t<dd class='wp-caption-text gallery-caption' id='gallery-1-543'>\n\t\t\t\tRoche du Solutr\u00e9\n\t\t\t\t<\/dd><\/dl><br style=\"clear: both\" \/><dl class='gallery-item'>\n\t\t\t<dt class='gallery-icon landscape'>\n\t\t\t\t<a href='https:\/\/blog.ube.fr\/ajmgb\/2023\/05\/28\/macon\/bateau-de-croisiere-quai-des-marans\/'><img loading=\"lazy\" decoding=\"async\" width=\"940\" height=\"708\" src=\"https:\/\/blog.ube.fr\/ajmgb\/wp-content\/uploads\/sites\/188\/2023\/05\/Bateau-de-croisiere-quai-des-Marans.jpg\" class=\"attachment-full size-full\" alt=\"\" aria-describedby=\"gallery-1-540\" srcset=\"https:\/\/blog.ube.fr\/ajmgb\/wp-content\/uploads\/sites\/188\/2023\/05\/Bateau-de-croisiere-quai-des-Marans.jpg 940w, https:\/\/blog.ube.fr\/ajmgb\/wp-content\/uploads\/sites\/188\/2023\/05\/Bateau-de-croisiere-quai-des-Marans-300x226.jpg 300w, https:\/\/blog.ube.fr\/ajmgb\/wp-content\/uploads\/sites\/188\/2023\/05\/Bateau-de-croisiere-quai-des-Marans-768x578.jpg 768w\" sizes=\"auto, (max-width: 940px) 100vw, 940px\" \/><\/a>\n\t\t\t<\/dt>\n\t\t\t\t<dd class='wp-caption-text gallery-caption' id='gallery-1-540'>\n\t\t\t\tVue a\u00e9rienne du Centre Ville\n\t\t\t\t<\/dd><\/dl><dl class='gallery-item'>\n\t\t\t<dt class='gallery-icon landscape'>\n\t\t\t\t<a href='https:\/\/blog.ube.fr\/ajmgb\/2023\/05\/28\/macon\/musee-des-ursulines\/'><img loading=\"lazy\" decoding=\"async\" width=\"527\" height=\"395\" src=\"https:\/\/blog.ube.fr\/ajmgb\/wp-content\/uploads\/sites\/188\/2023\/05\/musee-des-ursulines.jpg\" class=\"attachment-full size-full\" alt=\"\" aria-describedby=\"gallery-1-542\" srcset=\"https:\/\/blog.ube.fr\/ajmgb\/wp-content\/uploads\/sites\/188\/2023\/05\/musee-des-ursulines.jpg 527w, https:\/\/blog.ube.fr\/ajmgb\/wp-content\/uploads\/sites\/188\/2023\/05\/musee-des-ursulines-300x225.jpg 300w\" sizes=\"auto, (max-width: 527px) 100vw, 527px\" \/><\/a>\n\t\t\t<\/dt>\n\t\t\t\t<dd class='wp-caption-text gallery-caption' id='gallery-1-542'>\n\t\t\t\tMus\u00e9e des Ursulines\n\t\t\t\t<\/dd><\/dl><br style=\"clear: both\" \/>\n\t\t<\/div>\n\n<p><a href=\"https:\/\/blog.ube.fr\/ajmgb\/stages\/lieux-de-stage\/\"><span style=\"font-size: 10pt; color: #0000ff;\">Retour \u00e0 la liste des stages<\/span><\/a><\/p>\n","protected":false},"excerpt":{"rendered":"<p>\ud83c\udfe0 Logement : Plusieurs logements r\u00e9partis dans diff\u00e9rents b\u00e2timents, globalement remis \u00e0 neuf avec suffisamment de places pour accueillir l&#8217;ensemble des internes. Un internat principal pouvant accueillir jusqu&#8217;\u00e0 24 internes associ\u00e9 \u00e0 diff\u00e9rents appartements et studios en colocation de 2 \u00e0 6 chambres r\u00e9parties aux alentours de l&#8217;h\u00f4pital. \ud83d\ude82 Transports : Vers Dijon : 1h10&hellip;<\/p>\n<p class=\"more-link-p\"><a class=\"btn btn-primary\" href=\"https:\/\/blog.ube.fr\/ajmgb\/2023\/05\/28\/macon\/\">Voir plus &rarr;<\/a><\/p>\n","protected":false},"author":4923,"featured_media":0,"comment_status":"open","ping_status":"open","sticky":false,"template":"","format":"standard","meta":{"_exactmetrics_skip_tracking":false,"_exactmetrics_sitenote_active":false,"_exactmetrics_sitenote_note":"","_exactmetrics_sitenote_category":0,"footnotes":""},"categories":[4],"tags":[],"class_list":["post-196","post","type-post","status-publish","format-standard","hentry","category-lieux-de-stage"],"_links":{"self":[{"href":"https:\/\/blog.ube.fr\/ajmgb\/wp-json\/wp\/v2\/posts\/196","targetHints":{"allow":["GET"]}}],"collection":[{"href":"https:\/\/blog.ube.fr\/ajmgb\/wp-json\/wp\/v2\/posts"}],"about":[{"href":"https:\/\/blog.ube.fr\/ajmgb\/wp-json\/wp\/v2\/types\/post"}],"author":[{"embeddable":true,"href":"https:\/\/blog.ube.fr\/ajmgb\/wp-json\/wp\/v2\/users\/4923"}],"replies":[{"embeddable":true,"href":"https:\/\/blog.ube.fr\/ajmgb\/wp-json\/wp\/v2\/comments?post=196"}],"version-history":[{"count":6,"href":"https:\/\/blog.ube.fr\/ajmgb\/wp-json\/wp\/v2\/posts\/196\/revisions"}],"predecessor-version":[{"id":1018,"href":"https:\/\/blog.ube.fr\/ajmgb\/wp-json\/wp\/v2\/posts\/196\/revisions\/1018"}],"wp:attachment":[{"href":"https:\/\/blog.ube.fr\/ajmgb\/wp-json\/wp\/v2\/media?parent=196"}],"wp:term":[{"taxonomy":"category","embeddable":true,"href":"https:\/\/blog.ube.fr\/ajmgb\/wp-json\/wp\/v2\/categories?post=196"},{"taxonomy":"post_tag","embeddable":true,"href":"https:\/\/blog.ube.fr\/ajmgb\/wp-json\/wp\/v2\/tags?post=196"}],"curies":[{"name":"wp","href":"https:\/\/api.w.org\/{rel}","templated":true}]}}