{"id":194,"date":"2023-05-28T12:46:07","date_gmt":"2023-05-28T10:46:07","guid":{"rendered":"https:\/\/blog.u-bourgogne.fr\/ajmgb\/?p=194"},"modified":"2023-09-02T19:53:00","modified_gmt":"2023-09-02T17:53:00","slug":"langres","status":"publish","type":"post","link":"https:\/\/blog.ube.fr\/ajmgb\/2023\/05\/28\/langres\/","title":{"rendered":"Langres"},"content":{"rendered":"<p style=\"text-align: justify;\">\ud83c\udfe0 <strong>Logement<\/strong> : P<span data-sheets-value=\"{&quot;1&quot;:2,&quot;2&quot;:&quot;H\u00e9bergement possible dans le b\u00e2timent des annonciades \u00e0 50m de l'h\u00f4pital. Chambre d'environ 15m\u00b2 avec salle de bain plac\u00e9e sous les combles (isolation phonique et thermique tr\u00e8s limit\u00e9e). C'est une ancienne chambre d'EHPAD donc tr\u00e8s rustique avec meubles d'\u00e9poque, lino, lit 1 place, douche en plastique, etc.. mais 1 t\u00e9l\u00e9 fournie. Une kitchenette commune dont le niveau d'hygi\u00e8ne est al\u00e9atoire selon les voisins, est \u00e0 disposition (frigo\/cong\u00e9lateur, 2 plaques, 1 micro-ondes mais pas de four). 1 machine \u00e0 laver \u00e0 disposition. Aucune am\u00e9lioration n'est pr\u00e9vue par l'administration malgr\u00e9 nos demandes. Pas de suppl\u00e9ment \u00e0 payer. &quot;}\" data-sheets-userformat=\"{&quot;2&quot;:897,&quot;3&quot;:{&quot;1&quot;:0},&quot;10&quot;:1,&quot;11&quot;:4,&quot;12&quot;:0}\">ossibilit\u00e9 d&#8217;\u00eatre h\u00e9berg\u00e9 dans le b\u00e2timent des Annonciades \u00e0 50m de l&#8217;h\u00f4pital. Chambre d&#8217;environ 15m\u00b2 avec salle de bain plac\u00e9e sous les combles (isolation phonique et thermique tr\u00e8s limit\u00e9e). C&#8217;est une ancienne chambre d&#8217;EHPAD donc tr\u00e8s rustique avec meubles d&#8217;\u00e9poque. Une kitchenette commune est \u00e0 disposition ainsi qu&#8217;une machine \u00e0 laver. Logement d&#8217;appoint. Pas de suppl\u00e9ment \u00e0 payer. <\/span><\/p>\n<hr \/>\n<p style=\"text-align: justify;\">\ud83d\ude82 <strong>Transports<\/strong> :<\/p>\n<ul style=\"text-align: justify;\">\n<li>Vers Dijon : 1h de TER \/ environ 1h en voiture.<\/li>\n<li>TER direct pour Paris (1h45), Reims (2h45) et Troyes (1h)<\/li>\n<\/ul>\n<hr \/>\n<p style=\"text-align: justify;\">\ud83c\udfad <strong>Vie Culturelle<\/strong> :<\/p>\n<ul style=\"text-align: justify;\">\n<li><a href=\"https:\/\/www.musees-langres.fr\/maison-des-lumieres-denis-diderot\/\" target=\"_blank\" rel=\"noopener\">Maison des Lumi\u00e8res Denis Diderot<\/a> : Install\u00e9 dans l&#8217;h\u00f4tel particulier Du Breuil de Saint-Germain, ce mus\u00e9e pr\u00e9sente la vie et l\u2019\u0153uvre de Denis Diderot, natif de Langres, pr\u00e9sent\u00e9e dans le contexte du si\u00e8cle des Lumi\u00e8res.<\/li>\n<li><a href=\"https:\/\/abbaye-auberive.com\/histoire\" target=\"_blank\" rel=\"noopener\">Abbaye d&#8217;Auberive<\/a> : abbaye cistercienne d\u2019Auberive fond\u00e9e en 1135 par Saint Bernard de Clairvaux, \u00e9galement haut lieu culturel de la ville avec de nombreux \u00e9v\u00e8nements tout au long de l&#8217;ann\u00e9e.<\/li>\n<li><a href=\"https:\/\/www.new-vox-langres.com\/\" target=\"_blank\" rel=\"noopener\">Cin\u00e9ma New Vox<\/a> : 2 salles proposant une vaste s\u00e9lection de films, principalement en version fran\u00e7aise et occasionnellement en version originale sous titr\u00e9e.<\/li>\n<\/ul>\n<hr \/>\n<div id='gallery-1' class='gallery galleryid-194 gallery-columns-2 gallery-size-full'><dl class='gallery-item'>\n\t\t\t<dt class='gallery-icon landscape'>\n\t\t\t\t<a href='https:\/\/blog.ube.fr\/ajmgb\/2023\/05\/28\/langres\/maison-des-lumieres-denis-diderot-langres-exterieur-04-sylvain-riandet-2\/'><img loading=\"lazy\" decoding=\"async\" width=\"715\" height=\"536\" src=\"https:\/\/blog.ube.fr\/ajmgb\/wp-content\/uploads\/sites\/188\/2023\/05\/Maison-des-lumieres-denis-diderot-langres-exterieur-04-Sylvain-Riandet-1.jpg\" class=\"attachment-full size-full\" alt=\"\" aria-describedby=\"gallery-1-478\" srcset=\"https:\/\/blog.ube.fr\/ajmgb\/wp-content\/uploads\/sites\/188\/2023\/05\/Maison-des-lumieres-denis-diderot-langres-exterieur-04-Sylvain-Riandet-1.jpg 715w, https:\/\/blog.ube.fr\/ajmgb\/wp-content\/uploads\/sites\/188\/2023\/05\/Maison-des-lumieres-denis-diderot-langres-exterieur-04-Sylvain-Riandet-1-300x225.jpg 300w\" sizes=\"auto, (max-width: 715px) 100vw, 715px\" \/><\/a>\n\t\t\t<\/dt>\n\t\t\t\t<dd class='wp-caption-text gallery-caption' id='gallery-1-478'>\n\t\t\t\tMaison des Lumi\u00e8res\n\t\t\t\t<\/dd><\/dl><dl class='gallery-item'>\n\t\t\t<dt class='gallery-icon landscape'>\n\t\t\t\t<a href='https:\/\/blog.ube.fr\/ajmgb\/2023\/05\/28\/langres\/cloitre-abbaye-dauberive-2-scaled-e1588232356675-2\/'><img loading=\"lazy\" decoding=\"async\" width=\"1723\" height=\"1292\" src=\"https:\/\/blog.ube.fr\/ajmgb\/wp-content\/uploads\/sites\/188\/2023\/05\/cloitre-\u00a9-abbaye-dAuberive-2-scaled-e1588232356675-1.jpg\" class=\"attachment-full size-full\" alt=\"\" aria-describedby=\"gallery-1-477\" srcset=\"https:\/\/blog.ube.fr\/ajmgb\/wp-content\/uploads\/sites\/188\/2023\/05\/cloitre-\u00a9-abbaye-dAuberive-2-scaled-e1588232356675-1.jpg 1723w, https:\/\/blog.ube.fr\/ajmgb\/wp-content\/uploads\/sites\/188\/2023\/05\/cloitre-\u00a9-abbaye-dAuberive-2-scaled-e1588232356675-1-300x225.jpg 300w, https:\/\/blog.ube.fr\/ajmgb\/wp-content\/uploads\/sites\/188\/2023\/05\/cloitre-\u00a9-abbaye-dAuberive-2-scaled-e1588232356675-1-1024x768.jpg 1024w, https:\/\/blog.ube.fr\/ajmgb\/wp-content\/uploads\/sites\/188\/2023\/05\/cloitre-\u00a9-abbaye-dAuberive-2-scaled-e1588232356675-1-768x576.jpg 768w, https:\/\/blog.ube.fr\/ajmgb\/wp-content\/uploads\/sites\/188\/2023\/05\/cloitre-\u00a9-abbaye-dAuberive-2-scaled-e1588232356675-1-1536x1152.jpg 1536w\" sizes=\"auto, (max-width: 1723px) 100vw, 1723px\" \/><\/a>\n\t\t\t<\/dt>\n\t\t\t\t<dd class='wp-caption-text gallery-caption' id='gallery-1-477'>\n\t\t\t\tAbbaye d&#8217;Auberive\n\t\t\t\t<\/dd><\/dl><br style=\"clear: both\" \/><dl class='gallery-item'>\n\t\t\t<dt class='gallery-icon landscape'>\n\t\t\t\t<a href='https:\/\/blog.ube.fr\/ajmgb\/2023\/05\/28\/langres\/carte-langres-2\/'><img loading=\"lazy\" decoding=\"async\" width=\"419\" height=\"314\" src=\"https:\/\/blog.ube.fr\/ajmgb\/wp-content\/uploads\/sites\/188\/2023\/05\/carte-Langres-1.jpg\" class=\"attachment-full size-full\" alt=\"\" aria-describedby=\"gallery-1-476\" srcset=\"https:\/\/blog.ube.fr\/ajmgb\/wp-content\/uploads\/sites\/188\/2023\/05\/carte-Langres-1.jpg 419w, https:\/\/blog.ube.fr\/ajmgb\/wp-content\/uploads\/sites\/188\/2023\/05\/carte-Langres-1-300x225.jpg 300w\" sizes=\"auto, (max-width: 419px) 100vw, 419px\" \/><\/a>\n\t\t\t<\/dt>\n\t\t\t\t<dd class='wp-caption-text gallery-caption' id='gallery-1-476'>\n\t\t\t\tSituer Langres\n\t\t\t\t<\/dd><\/dl><dl class='gallery-item'>\n\t\t\t<dt class='gallery-icon landscape'>\n\t\t\t\t<a href='https:\/\/blog.ube.fr\/ajmgb\/2023\/05\/28\/langres\/untitled-3\/'><img loading=\"lazy\" decoding=\"async\" width=\"245\" height=\"184\" src=\"https:\/\/blog.ube.fr\/ajmgb\/wp-content\/uploads\/sites\/188\/2023\/05\/Untitled-2.jpeg\" class=\"attachment-full size-full\" alt=\"\" aria-describedby=\"gallery-1-475\" \/><\/a>\n\t\t\t<\/dt>\n\t\t\t\t<dd class='wp-caption-text gallery-caption' id='gallery-1-475'>\n\t\t\t\tStatue  de Ren\u00e9 Diderot\n\t\t\t\t<\/dd><\/dl><br style=\"clear: both\" \/>\n\t\t<\/div>\n\n<p><a href=\"https:\/\/blog.ube.fr\/ajmgb\/stages\/lieux-de-stage\/\"><span style=\"font-size: 10pt; color: #0000ff;\">Retour \u00e0 la liste des stages<\/span><\/a><\/p>\n","protected":false},"excerpt":{"rendered":"<p>\ud83c\udfe0 Logement : Possibilit\u00e9 d&#8217;\u00eatre h\u00e9berg\u00e9 dans le b\u00e2timent des Annonciades \u00e0 50m de l&#8217;h\u00f4pital. Chambre d&#8217;environ 15m\u00b2 avec salle de bain plac\u00e9e sous les combles (isolation phonique et thermique tr\u00e8s limit\u00e9e). C&#8217;est une ancienne chambre d&#8217;EHPAD donc tr\u00e8s rustique avec meubles d&#8217;\u00e9poque. Une kitchenette commune est \u00e0 disposition ainsi qu&#8217;une machine \u00e0 laver. Logement&hellip;<\/p>\n<p class=\"more-link-p\"><a class=\"btn btn-primary\" href=\"https:\/\/blog.ube.fr\/ajmgb\/2023\/05\/28\/langres\/\">Voir plus &rarr;<\/a><\/p>\n","protected":false},"author":4923,"featured_media":0,"comment_status":"open","ping_status":"open","sticky":false,"template":"","format":"standard","meta":{"_exactmetrics_skip_tracking":false,"_exactmetrics_sitenote_active":false,"_exactmetrics_sitenote_note":"","_exactmetrics_sitenote_category":0,"footnotes":""},"categories":[4],"tags":[],"class_list":["post-194","post","type-post","status-publish","format-standard","hentry","category-lieux-de-stage"],"_links":{"self":[{"href":"https:\/\/blog.ube.fr\/ajmgb\/wp-json\/wp\/v2\/posts\/194","targetHints":{"allow":["GET"]}}],"collection":[{"href":"https:\/\/blog.ube.fr\/ajmgb\/wp-json\/wp\/v2\/posts"}],"about":[{"href":"https:\/\/blog.ube.fr\/ajmgb\/wp-json\/wp\/v2\/types\/post"}],"author":[{"embeddable":true,"href":"https:\/\/blog.ube.fr\/ajmgb\/wp-json\/wp\/v2\/users\/4923"}],"replies":[{"embeddable":true,"href":"https:\/\/blog.ube.fr\/ajmgb\/wp-json\/wp\/v2\/comments?post=194"}],"version-history":[{"count":4,"href":"https:\/\/blog.ube.fr\/ajmgb\/wp-json\/wp\/v2\/posts\/194\/revisions"}],"predecessor-version":[{"id":647,"href":"https:\/\/blog.ube.fr\/ajmgb\/wp-json\/wp\/v2\/posts\/194\/revisions\/647"}],"wp:attachment":[{"href":"https:\/\/blog.ube.fr\/ajmgb\/wp-json\/wp\/v2\/media?parent=194"}],"wp:term":[{"taxonomy":"category","embeddable":true,"href":"https:\/\/blog.ube.fr\/ajmgb\/wp-json\/wp\/v2\/categories?post=194"},{"taxonomy":"post_tag","embeddable":true,"href":"https:\/\/blog.ube.fr\/ajmgb\/wp-json\/wp\/v2\/tags?post=194"}],"curies":[{"name":"wp","href":"https:\/\/api.w.org\/{rel}","templated":true}]}}