{"id":192,"date":"2023-05-28T12:43:36","date_gmt":"2023-05-28T10:43:36","guid":{"rendered":"https:\/\/blog.u-bourgogne.fr\/ajmgb\/?p=192"},"modified":"2023-09-02T19:51:20","modified_gmt":"2023-09-02T17:51:20","slug":"le-creusot","status":"publish","type":"post","link":"https:\/\/blog.ube.fr\/ajmgb\/2023\/05\/28\/le-creusot\/","title":{"rendered":"Le Creusot"},"content":{"rendered":"<div class=\"entry-content\">\n<p style=\"text-align: justify;\">\ud83c\udfe0 <strong>Logement<\/strong> : L&#8217;h\u00f4pital du Creusot dispose d&#8217;un internat compos\u00e9 de <span data-sheets-value=\"{&quot;1&quot;:2,&quot;2&quot;:&quot;- 2 b\u00e2timents : l'un id\u00e9al pour y passer un semestre, l'autre un cauchemar dans le b\u00e2timent insalubre : les chambres du premier \u00e9tage sont en \\ncours de r\u00e9novation avec une salle de bain refaite \u00e0 neuf, au deuxi\u00e8me \u00e9tage c'est moisissures, poutres qui tombent en lambeau, \\nappliques lumineuses remplis de cadavres d'insectes. Certaines chambres sont sinistr\u00e9s car les fen\u00eatres ont des carreaux cass\u00e9s. \\nLa cuisine est m\u00e9diocre avec un lit d'appoint dedans (?), les fen\u00eatre en simple vitrage et vieux bois, pas de verrou sur la porte de la salle de bain...&quot;}\" data-sheets-userformat=\"{&quot;2&quot;:15297,&quot;3&quot;:{&quot;1&quot;:0},&quot;9&quot;:0,&quot;10&quot;:1,&quot;11&quot;:4,&quot;12&quot;:0,&quot;14&quot;:{&quot;1&quot;:2,&quot;2&quot;:0},&quot;15&quot;:&quot;Arial&quot;,&quot;16&quot;:10}\">2 b\u00e2timents : l&#8217;un id\u00e9al pour y passer un semestre, avec 4 chambres, l&#8217;autre insalubre et utilis\u00e9 le moins possible (en cours de r\u00e9novation). <\/span><\/p>\n<hr \/>\n<p style=\"text-align: justify;\">\ud83d\ude82 <strong>Transports<\/strong> :<\/p>\n<ul style=\"text-align: justify;\">\n<li>Vers Dijon : 2h de TER (changement \u00e0 Chalon) \/ environ 1h15 en voiture.<\/li>\n<li>TER direct pour Autun (35 mn) \/ Chalon (1h) \/ Nevers (1h30)<\/li>\n<\/ul>\n<hr \/>\n<p style=\"text-align: justify;\">\ud83c\udfad <strong>Vie Culturelle<\/strong> :<\/p>\n<ul style=\"text-align: justify;\">\n<li><a href=\"https:\/\/www.cinemorvan.fr\/horaires\/\" target=\"_blank\" rel=\"noopener\">Le Morvan<\/a> : cin\u00e9ma en centre-ville disposant d&#8217;une large s\u00e9lection de films, aussi bien en version fran\u00e7aise qu&#8217;en version sous-titr\u00e9e et projections occasionnelles de films d&#8217;Art et d&#8217;Essai avec l&#8217;Association Cinemage.<\/li>\n<li><a href=\"https:\/\/www.larcscenenationale.fr\/\" target=\"_blank\" rel=\"noopener\">L&#8217;ARC, sc\u00e8ne nationale <\/a><i>: <\/i>deux salles de spectacles et d&#8217;un lieu d&#8217;exposition, accueille chaque ann\u00e9e une quarantaine de spectacles et trois expositions. Elle accueille chaque saison des artistes de renom comme des compagnies r\u00e9gionales, nationales ou internationales qui y pr\u00e9sentent leurs cr\u00e9ations.<\/li>\n<li><a href=\"https:\/\/www.creusotmontceautourisme.fr\/decouvrir\/le-creusot\/passe-industriel\/patrimoine-industriel-preserve\/le-site-du-chateau-de-la-verrerie\" target=\"_blank\" rel=\"noopener\">Le Ch\u00e2teau de la Verrerie<\/a> : Ancienne cristallerie, le ch\u00e2teau de la Verrerie abrite de nos jours le mus\u00e9e de l&#8217;Homme et de l&#8217;Industrie (cristaux, histoire de la dynastie Schneider, peintures, maquettes).<\/li>\n<\/ul>\n<hr \/>\n<div id='gallery-1' class='gallery galleryid-192 gallery-columns-2 gallery-size-full'><dl class='gallery-item'>\n\t\t\t<dt class='gallery-icon portrait'>\n\t\t\t\t<a href='https:\/\/blog.ube.fr\/ajmgb\/2023\/05\/28\/le-creusot\/bourgogne-fleurie_carte-4\/'><img loading=\"lazy\" decoding=\"async\" width=\"575\" height=\"713\" src=\"https:\/\/blog.ube.fr\/ajmgb\/wp-content\/uploads\/sites\/188\/2023\/05\/bourgogne-fleurie_carte-3.jpg\" class=\"attachment-full size-full\" alt=\"\" aria-describedby=\"gallery-1-536\" srcset=\"https:\/\/blog.ube.fr\/ajmgb\/wp-content\/uploads\/sites\/188\/2023\/05\/bourgogne-fleurie_carte-3.jpg 575w, https:\/\/blog.ube.fr\/ajmgb\/wp-content\/uploads\/sites\/188\/2023\/05\/bourgogne-fleurie_carte-3-242x300.jpg 242w\" sizes=\"auto, (max-width: 575px) 100vw, 575px\" \/><\/a>\n\t\t\t<\/dt>\n\t\t\t\t<dd class='wp-caption-text gallery-caption' id='gallery-1-536'>\n\t\t\t\tSituer Le Creusot en Bourgogne\n\t\t\t\t<\/dd><\/dl><dl class='gallery-item'>\n\t\t\t<dt class='gallery-icon landscape'>\n\t\t\t\t<a href='https:\/\/blog.ube.fr\/ajmgb\/2023\/05\/28\/le-creusot\/le_creusot_nature_et_industrie_lesleywilliamson_1\/'><img loading=\"lazy\" decoding=\"async\" width=\"1440\" height=\"1080\" src=\"https:\/\/blog.ube.fr\/ajmgb\/wp-content\/uploads\/sites\/188\/2023\/05\/le_creusot_nature_et_industrie_lesleywilliamson_1.jpg\" class=\"attachment-full size-full\" alt=\"\" aria-describedby=\"gallery-1-535\" srcset=\"https:\/\/blog.ube.fr\/ajmgb\/wp-content\/uploads\/sites\/188\/2023\/05\/le_creusot_nature_et_industrie_lesleywilliamson_1.jpg 1440w, https:\/\/blog.ube.fr\/ajmgb\/wp-content\/uploads\/sites\/188\/2023\/05\/le_creusot_nature_et_industrie_lesleywilliamson_1-300x225.jpg 300w, https:\/\/blog.ube.fr\/ajmgb\/wp-content\/uploads\/sites\/188\/2023\/05\/le_creusot_nature_et_industrie_lesleywilliamson_1-1024x768.jpg 1024w, https:\/\/blog.ube.fr\/ajmgb\/wp-content\/uploads\/sites\/188\/2023\/05\/le_creusot_nature_et_industrie_lesleywilliamson_1-768x576.jpg 768w\" sizes=\"auto, (max-width: 1440px) 100vw, 1440px\" \/><\/a>\n\t\t\t<\/dt>\n\t\t\t\t<dd class='wp-caption-text gallery-caption' id='gallery-1-535'>\n\t\t\t\tCentre Ville &#8211; \u00a9 Lesley Williamson.\n\t\t\t\t<\/dd><\/dl><br style=\"clear: both\" \/><dl class='gallery-item'>\n\t\t\t<dt class='gallery-icon landscape'>\n\t\t\t\t<a href='https:\/\/blog.ube.fr\/ajmgb\/2023\/05\/28\/le-creusot\/shooting-aerien-cucm-chateau-verrerie-lecreusotcambigram39\/'><img loading=\"lazy\" decoding=\"async\" width=\"836\" height=\"627\" src=\"https:\/\/blog.ube.fr\/ajmgb\/wp-content\/uploads\/sites\/188\/2023\/05\/shooting-aerien-cucm-chateau-verrerie-lecreusotcambigram39.jpg\" class=\"attachment-full size-full\" alt=\"\" aria-describedby=\"gallery-1-533\" srcset=\"https:\/\/blog.ube.fr\/ajmgb\/wp-content\/uploads\/sites\/188\/2023\/05\/shooting-aerien-cucm-chateau-verrerie-lecreusotcambigram39.jpg 836w, https:\/\/blog.ube.fr\/ajmgb\/wp-content\/uploads\/sites\/188\/2023\/05\/shooting-aerien-cucm-chateau-verrerie-lecreusotcambigram39-300x225.jpg 300w, https:\/\/blog.ube.fr\/ajmgb\/wp-content\/uploads\/sites\/188\/2023\/05\/shooting-aerien-cucm-chateau-verrerie-lecreusotcambigram39-768x576.jpg 768w\" sizes=\"auto, (max-width: 836px) 100vw, 836px\" \/><\/a>\n\t\t\t<\/dt>\n\t\t\t\t<dd class='wp-caption-text gallery-caption' id='gallery-1-533'>\n\t\t\t\tCh\u00e2teau de la Verrerie\n\t\t\t\t<\/dd><\/dl><dl class='gallery-item'>\n\t\t\t<dt class='gallery-icon landscape'>\n\t\t\t\t<a href='https:\/\/blog.ube.fr\/ajmgb\/2023\/05\/28\/le-creusot\/117020-acceuil_et_acc_s\/'><img loading=\"lazy\" decoding=\"async\" width=\"1123\" height=\"842\" src=\"https:\/\/blog.ube.fr\/ajmgb\/wp-content\/uploads\/sites\/188\/2023\/05\/117020-acceuil_et_acc_s.jpg\" class=\"attachment-full size-full\" alt=\"\" aria-describedby=\"gallery-1-534\" srcset=\"https:\/\/blog.ube.fr\/ajmgb\/wp-content\/uploads\/sites\/188\/2023\/05\/117020-acceuil_et_acc_s.jpg 1123w, https:\/\/blog.ube.fr\/ajmgb\/wp-content\/uploads\/sites\/188\/2023\/05\/117020-acceuil_et_acc_s-300x225.jpg 300w, https:\/\/blog.ube.fr\/ajmgb\/wp-content\/uploads\/sites\/188\/2023\/05\/117020-acceuil_et_acc_s-1024x768.jpg 1024w, https:\/\/blog.ube.fr\/ajmgb\/wp-content\/uploads\/sites\/188\/2023\/05\/117020-acceuil_et_acc_s-768x576.jpg 768w\" sizes=\"auto, (max-width: 1123px) 100vw, 1123px\" \/><\/a>\n\t\t\t<\/dt>\n\t\t\t\t<dd class='wp-caption-text gallery-caption' id='gallery-1-534'>\n\t\t\t\tL&#8217;ARC, sc\u00e8ne nationale &#8211; \u00a9 Lo\u00efc Le Gall\n\t\t\t\t<\/dd><\/dl><br style=\"clear: both\" \/>\n\t\t<\/div>\n\n<p><a href=\"https:\/\/blog.ube.fr\/ajmgb\/stages\/lieux-de-stage\/\"><span style=\"font-size: 10pt; color: #0000ff;\">Retour \u00e0 la liste des stages<\/span><\/a><\/p>\n<\/div>\n","protected":false},"excerpt":{"rendered":"<p>\ud83c\udfe0 Logement : L&#8217;h\u00f4pital du Creusot dispose d&#8217;un internat compos\u00e9 de 2 b\u00e2timents : l&#8217;un id\u00e9al pour y passer un semestre, avec 4 chambres, l&#8217;autre insalubre et utilis\u00e9 le moins possible (en cours de r\u00e9novation). \ud83d\ude82 Transports : Vers Dijon : 2h de TER (changement \u00e0 Chalon) \/ environ 1h15 en voiture. TER direct pour&hellip;<\/p>\n<p class=\"more-link-p\"><a class=\"btn btn-primary\" href=\"https:\/\/blog.ube.fr\/ajmgb\/2023\/05\/28\/le-creusot\/\">Voir plus &rarr;<\/a><\/p>\n","protected":false},"author":4923,"featured_media":0,"comment_status":"open","ping_status":"open","sticky":false,"template":"","format":"standard","meta":{"_exactmetrics_skip_tracking":false,"_exactmetrics_sitenote_active":false,"_exactmetrics_sitenote_note":"","_exactmetrics_sitenote_category":0,"footnotes":""},"categories":[4],"tags":[],"class_list":["post-192","post","type-post","status-publish","format-standard","hentry","category-lieux-de-stage"],"_links":{"self":[{"href":"https:\/\/blog.ube.fr\/ajmgb\/wp-json\/wp\/v2\/posts\/192","targetHints":{"allow":["GET"]}}],"collection":[{"href":"https:\/\/blog.ube.fr\/ajmgb\/wp-json\/wp\/v2\/posts"}],"about":[{"href":"https:\/\/blog.ube.fr\/ajmgb\/wp-json\/wp\/v2\/types\/post"}],"author":[{"embeddable":true,"href":"https:\/\/blog.ube.fr\/ajmgb\/wp-json\/wp\/v2\/users\/4923"}],"replies":[{"embeddable":true,"href":"https:\/\/blog.ube.fr\/ajmgb\/wp-json\/wp\/v2\/comments?post=192"}],"version-history":[{"count":4,"href":"https:\/\/blog.ube.fr\/ajmgb\/wp-json\/wp\/v2\/posts\/192\/revisions"}],"predecessor-version":[{"id":646,"href":"https:\/\/blog.ube.fr\/ajmgb\/wp-json\/wp\/v2\/posts\/192\/revisions\/646"}],"wp:attachment":[{"href":"https:\/\/blog.ube.fr\/ajmgb\/wp-json\/wp\/v2\/media?parent=192"}],"wp:term":[{"taxonomy":"category","embeddable":true,"href":"https:\/\/blog.ube.fr\/ajmgb\/wp-json\/wp\/v2\/categories?post=192"},{"taxonomy":"post_tag","embeddable":true,"href":"https:\/\/blog.ube.fr\/ajmgb\/wp-json\/wp\/v2\/tags?post=192"}],"curies":[{"name":"wp","href":"https:\/\/api.w.org\/{rel}","templated":true}]}}