{"id":190,"date":"2023-05-28T12:43:00","date_gmt":"2023-05-28T10:43:00","guid":{"rendered":"https:\/\/blog.u-bourgogne.fr\/ajmgb\/?p=190"},"modified":"2023-09-02T19:46:38","modified_gmt":"2023-09-02T17:46:38","slug":"joigny","status":"publish","type":"post","link":"https:\/\/blog.ube.fr\/ajmgb\/2023\/05\/28\/joigny\/","title":{"rendered":"Joigny"},"content":{"rendered":"<hr \/>\n<p style=\"text-align: justify;\">\ud83c\udfe0 <strong>Logement<\/strong> : Il existe une M<span data-sheets-value=\"{&quot;1&quot;:2,&quot;2&quot;:&quot;- Cuisine : un grand self avec une plaque \u00e9lectrique amovible pour 25 personnes, pas d'acc\u00e8s \u00e0 l'office le soir et livraison de plateaux repas pour le soir et le weekend. Un grand frigo pour 25 personnes \u00e9galement, espace de stockage insuffisant.\\n- pas assez de logements pour tous les internes (environ 40 internes affect\u00e9s chaque semestre et seulement 25 places sans autre solutionpropos\u00e9e en ville, notamment pour les internes en ambulatoire ou les internes en couple. 3 studios dans l'internat qui sont souvent r\u00e9serv\u00e9s de mani\u00e8re prioritaire \u00e0 des praticiens associ\u00e9s ou des Docteur Junior. Les externes sont log\u00e9s \u00e0 l'IFSI avec des FFI plus ag\u00e9s.&quot;}\" data-sheets-userformat=\"{&quot;2&quot;:897,&quot;3&quot;:{&quot;1&quot;:0},&quot;10&quot;:1,&quot;11&quot;:4,&quot;12&quot;:0}\">aison des internes, inaugur\u00e9e en 2018, situ\u00e9e pr\u00e8s des rives de l&#8217;Yonne, \u00e0 5 mn \u00e0 pied du Centre Hospitalier et \u00e0 15 mn du Groupe M\u00e9dical Montaigne o\u00f9 exercent certains des Maitres de Stage Universitaires (MSU). La maison dispose de 6 chambres avec salle de bain individuelle, lit double, bureau et grand placard. Les espaces communs sont constitu\u00e9s d&#8217;une cuisine bien \u00e9quip\u00e9e, d&#8217;une terrasse avec vue sur le fleuve et d&#8217;un salon agr\u00e9able avec une t\u00e9l\u00e9vision. <\/span><\/p>\n<hr \/>\n<p style=\"text-align: justify;\">\ud83d\ude82 <strong>Transports<\/strong> :<\/p>\n<ul style=\"text-align: justify;\">\n<li>Vers Dijon : 1h20 de TER, direct ou avec un changement selon les horaires \/ environ 2h en voiture.<\/li>\n<li>TER direct pour Paris (1h20), Lyon (3h30) et Avallon (1h20)<\/li>\n<\/ul>\n<hr \/>\n<p style=\"text-align: justify;\">\ud83c\udfad <strong>Vie Culturelle<\/strong> :<\/p>\n<ul style=\"text-align: justify;\">\n<li><em><a href=\"https:\/\/www.cineode.fr\/joigny\/\" target=\"_blank\" rel=\"noopener\">Cin\u00e9ma Agn\u00e8s Varda<\/a><\/em> : une salle de cin\u00e9ma agr\u00e9able avec une projection par jour. Le cin\u00e9ma propose \u00e9galement un Cin\u00e9 Club avec des projections de films cultes ainsi que des cin\u00e9-d\u00e9bats le lundi soir.<\/li>\n<li><a href=\"https:\/\/fr.chateaudufey.com\/\" target=\"_blank\" rel=\"noopener\">Ch\u00e2teau du Fe\u00ff \u00e0 Villecien<\/a> : ch\u00e2teau construit au 17e si\u00e8cle qui domine la vall\u00e9e de l&#8217;Yonne du sommet de la colline.<\/li>\n<\/ul>\n<hr \/>\n<div id='gallery-1' class='gallery galleryid-190 gallery-columns-3 gallery-size-full'><dl class='gallery-item'>\n\t\t\t<dt class='gallery-icon portrait'>\n\t\t\t\t<a href='https:\/\/blog.ube.fr\/ajmgb\/2023\/05\/28\/joigny\/bourgogne1-2\/'><img loading=\"lazy\" decoding=\"async\" width=\"300\" height=\"356\" src=\"https:\/\/blog.ube.fr\/ajmgb\/wp-content\/uploads\/sites\/188\/2023\/05\/bourgogne1-1.jpg\" class=\"attachment-full size-full\" alt=\"\" aria-describedby=\"gallery-1-363\" srcset=\"https:\/\/blog.ube.fr\/ajmgb\/wp-content\/uploads\/sites\/188\/2023\/05\/bourgogne1-1.jpg 300w, https:\/\/blog.ube.fr\/ajmgb\/wp-content\/uploads\/sites\/188\/2023\/05\/bourgogne1-1-253x300.jpg 253w\" sizes=\"auto, (max-width: 300px) 100vw, 300px\" \/><\/a>\n\t\t\t<\/dt>\n\t\t\t\t<dd class='wp-caption-text gallery-caption' id='gallery-1-363'>\n\t\t\t\tJoigny en Bourgogne\n\t\t\t\t<\/dd><\/dl><dl class='gallery-item'>\n\t\t\t<dt class='gallery-icon landscape'>\n\t\t\t\t<a href='https:\/\/blog.ube.fr\/ajmgb\/2023\/05\/28\/joigny\/joigny-2\/'><img loading=\"lazy\" decoding=\"async\" width=\"879\" height=\"586\" src=\"https:\/\/blog.ube.fr\/ajmgb\/wp-content\/uploads\/sites\/188\/2023\/05\/joigny.jpg\" class=\"attachment-full size-full\" alt=\"\" aria-describedby=\"gallery-1-321\" srcset=\"https:\/\/blog.ube.fr\/ajmgb\/wp-content\/uploads\/sites\/188\/2023\/05\/joigny.jpg 879w, https:\/\/blog.ube.fr\/ajmgb\/wp-content\/uploads\/sites\/188\/2023\/05\/joigny-300x200.jpg 300w, https:\/\/blog.ube.fr\/ajmgb\/wp-content\/uploads\/sites\/188\/2023\/05\/joigny-768x512.jpg 768w\" sizes=\"auto, (max-width: 879px) 100vw, 879px\" \/><\/a>\n\t\t\t<\/dt>\n\t\t\t\t<dd class='wp-caption-text gallery-caption' id='gallery-1-321'>\n\t\t\t\tCentre ville\n\t\t\t\t<\/dd><\/dl><dl class='gallery-item'>\n\t\t\t<dt class='gallery-icon landscape'>\n\t\t\t\t<a href='https:\/\/blog.ube.fr\/ajmgb\/2023\/05\/28\/joigny\/chateau-du-fey\/'><img loading=\"lazy\" decoding=\"async\" width=\"1500\" height=\"842\" src=\"https:\/\/blog.ube.fr\/ajmgb\/wp-content\/uploads\/sites\/188\/2023\/05\/Chateau-du-Fey.jpg\" class=\"attachment-full size-full\" alt=\"\" aria-describedby=\"gallery-1-323\" srcset=\"https:\/\/blog.ube.fr\/ajmgb\/wp-content\/uploads\/sites\/188\/2023\/05\/Chateau-du-Fey.jpg 1500w, https:\/\/blog.ube.fr\/ajmgb\/wp-content\/uploads\/sites\/188\/2023\/05\/Chateau-du-Fey-300x168.jpg 300w, https:\/\/blog.ube.fr\/ajmgb\/wp-content\/uploads\/sites\/188\/2023\/05\/Chateau-du-Fey-1024x575.jpg 1024w, https:\/\/blog.ube.fr\/ajmgb\/wp-content\/uploads\/sites\/188\/2023\/05\/Chateau-du-Fey-768x431.jpg 768w\" sizes=\"auto, (max-width: 1500px) 100vw, 1500px\" \/><\/a>\n\t\t\t<\/dt>\n\t\t\t\t<dd class='wp-caption-text gallery-caption' id='gallery-1-323'>\n\t\t\t\tChateau du Frey\n\t\t\t\t<\/dd><\/dl><br style=\"clear: both\" \/>\n\t\t<\/div>\n\n<p><a href=\"https:\/\/blog.ube.fr\/ajmgb\/stages\/lieux-de-stage\/\"><span style=\"font-size: 10pt; color: #0000ff;\">Retour \u00e0 la liste des stages<\/span><\/a><\/p>\n","protected":false},"excerpt":{"rendered":"<p>\ud83c\udfe0 Logement : Il existe une Maison des internes, inaugur\u00e9e en 2018, situ\u00e9e pr\u00e8s des rives de l&#8217;Yonne, \u00e0 5 mn \u00e0 pied du Centre Hospitalier et \u00e0 15 mn du Groupe M\u00e9dical Montaigne o\u00f9 exercent certains des Maitres de Stage Universitaires (MSU). La maison dispose de 6 chambres avec salle de bain individuelle, lit&hellip;<\/p>\n<p class=\"more-link-p\"><a class=\"btn btn-primary\" href=\"https:\/\/blog.ube.fr\/ajmgb\/2023\/05\/28\/joigny\/\">Voir plus &rarr;<\/a><\/p>\n","protected":false},"author":4923,"featured_media":0,"comment_status":"open","ping_status":"open","sticky":false,"template":"","format":"standard","meta":{"_exactmetrics_skip_tracking":false,"_exactmetrics_sitenote_active":false,"_exactmetrics_sitenote_note":"","_exactmetrics_sitenote_category":0,"footnotes":""},"categories":[4],"tags":[],"class_list":["post-190","post","type-post","status-publish","format-standard","hentry","category-lieux-de-stage"],"_links":{"self":[{"href":"https:\/\/blog.ube.fr\/ajmgb\/wp-json\/wp\/v2\/posts\/190","targetHints":{"allow":["GET"]}}],"collection":[{"href":"https:\/\/blog.ube.fr\/ajmgb\/wp-json\/wp\/v2\/posts"}],"about":[{"href":"https:\/\/blog.ube.fr\/ajmgb\/wp-json\/wp\/v2\/types\/post"}],"author":[{"embeddable":true,"href":"https:\/\/blog.ube.fr\/ajmgb\/wp-json\/wp\/v2\/users\/4923"}],"replies":[{"embeddable":true,"href":"https:\/\/blog.ube.fr\/ajmgb\/wp-json\/wp\/v2\/comments?post=190"}],"version-history":[{"count":6,"href":"https:\/\/blog.ube.fr\/ajmgb\/wp-json\/wp\/v2\/posts\/190\/revisions"}],"predecessor-version":[{"id":645,"href":"https:\/\/blog.ube.fr\/ajmgb\/wp-json\/wp\/v2\/posts\/190\/revisions\/645"}],"wp:attachment":[{"href":"https:\/\/blog.ube.fr\/ajmgb\/wp-json\/wp\/v2\/media?parent=190"}],"wp:term":[{"taxonomy":"category","embeddable":true,"href":"https:\/\/blog.ube.fr\/ajmgb\/wp-json\/wp\/v2\/categories?post=190"},{"taxonomy":"post_tag","embeddable":true,"href":"https:\/\/blog.ube.fr\/ajmgb\/wp-json\/wp\/v2\/tags?post=190"}],"curies":[{"name":"wp","href":"https:\/\/api.w.org\/{rel}","templated":true}]}}