{"id":188,"date":"2023-05-28T12:42:45","date_gmt":"2023-05-28T10:42:45","guid":{"rendered":"https:\/\/blog.u-bourgogne.fr\/ajmgb\/?p=188"},"modified":"2023-09-02T19:44:54","modified_gmt":"2023-09-02T17:44:54","slug":"dijon","status":"publish","type":"post","link":"https:\/\/blog.ube.fr\/ajmgb\/2023\/05\/28\/dijon\/","title":{"rendered":"Dijon"},"content":{"rendered":"<p style=\"text-align: justify;\">\ud83c\udfe0 <strong>Logement<\/strong> : Le CHU de l&#8217;h\u00f4pital dispose d&#8217;une dizaine de places (acc\u00e8s possible mais non assur\u00e9). Beaucoup d\u2019annonces existent sinon pour sous-louer un appartement 6 mois sur Dijon.<\/p>\n<hr \/>\n<p style=\"text-align: justify;\">\ud83d\ude82 <strong>Transports<\/strong> :<\/p>\n<ul style=\"text-align: justify;\">\n<li>TER direct pour Autun (1h30), Nevers (3h30), Beaune (20min), Chalon (45min), M\u00e2con (1h) et Lyon (2h)<\/li>\n<li>TGV direct pour Besan\u00e7on (30min), Paris (1h45), Strasbourg (2h30), Lausanne (2h) \u2026<\/li>\n<\/ul>\n<hr \/>\n<p style=\"text-align: justify;\">\ud83c\udfad <strong>Vie Culturelle<\/strong> :<\/p>\n<ul style=\"text-align: justify;\">\n<li><a href=\"https:\/\/beaux-arts.dijon.fr\/\" target=\"_blank\" rel=\"noopener\">Mus\u00e9e des Beaux-Art<\/a> : Install\u00e9 dans l&#8217;ancien <a title=\"Palais des ducs de Bourgogne\" href=\"https:\/\/fr.wikipedia.org\/wiki\/Palais_des_ducs_de_Bourgogne\" target=\"_blank\" rel=\"noopener\">palais ducal<\/a>, si\u00e8ge au <abbr class=\"abbr\" title=\"15\u1d49 si\u00e8cle\"><span class=\"romain\">XV<\/span><sup>e<\/sup><\/abbr>\u00a0si\u00e8cle de l\u2019<a href=\"https:\/\/fr.wikipedia.org\/wiki\/%C3%89tat_bourguignon\" target=\"_blank\" rel=\"noopener\">\u00c9tat bourguignon<\/a>, le mus\u00e9e d\u00e9roule le fil de plus de vingt si\u00e8cles d&#8217;histoire de l&#8217;art.<\/li>\n<li>Cin\u00e9mas : Cin\u00e9ma Darcy, Path\u00e9 de la Cit\u00e9 Gastronomique, Cin\u00e9ma Olympia&#8230;<\/li>\n<\/ul>\n<hr \/>\n<div id='gallery-1' class='gallery galleryid-188 gallery-columns-2 gallery-size-full'><dl class='gallery-item'>\n\t\t\t<dt class='gallery-icon landscape'>\n\t\t\t\t<img loading=\"lazy\" decoding=\"async\" width=\"557\" height=\"371\" src=\"https:\/\/blog.ube.fr\/ajmgb\/wp-content\/uploads\/sites\/188\/2023\/05\/place-francois-rude-a-dijon-1.jpg\" class=\"attachment-full size-full\" alt=\"\" aria-describedby=\"gallery-1-374\" srcset=\"https:\/\/blog.ube.fr\/ajmgb\/wp-content\/uploads\/sites\/188\/2023\/05\/place-francois-rude-a-dijon-1.jpg 557w, https:\/\/blog.ube.fr\/ajmgb\/wp-content\/uploads\/sites\/188\/2023\/05\/place-francois-rude-a-dijon-1-300x200.jpg 300w\" sizes=\"auto, (max-width: 557px) 100vw, 557px\" \/>\n\t\t\t<\/dt>\n\t\t\t\t<dd class='wp-caption-text gallery-caption' id='gallery-1-374'>\n\t\t\t\tPlace Fran\u00e7ois Rude\n\t\t\t\t<\/dd><\/dl><dl class='gallery-item'>\n\t\t\t<dt class='gallery-icon landscape'>\n\t\t\t\t<img loading=\"lazy\" decoding=\"async\" width=\"1350\" height=\"1080\" src=\"https:\/\/blog.ube.fr\/ajmgb\/wp-content\/uploads\/sites\/188\/2023\/05\/Vue-Rue-Longepierre-MdBA-2019-6-2.jpg\" class=\"attachment-full size-full\" alt=\"\" aria-describedby=\"gallery-1-371\" srcset=\"https:\/\/blog.ube.fr\/ajmgb\/wp-content\/uploads\/sites\/188\/2023\/05\/Vue-Rue-Longepierre-MdBA-2019-6-2.jpg 1350w, https:\/\/blog.ube.fr\/ajmgb\/wp-content\/uploads\/sites\/188\/2023\/05\/Vue-Rue-Longepierre-MdBA-2019-6-2-300x240.jpg 300w, https:\/\/blog.ube.fr\/ajmgb\/wp-content\/uploads\/sites\/188\/2023\/05\/Vue-Rue-Longepierre-MdBA-2019-6-2-1024x819.jpg 1024w, https:\/\/blog.ube.fr\/ajmgb\/wp-content\/uploads\/sites\/188\/2023\/05\/Vue-Rue-Longepierre-MdBA-2019-6-2-768x614.jpg 768w\" sizes=\"auto, (max-width: 1350px) 100vw, 1350px\" \/>\n\t\t\t<\/dt>\n\t\t\t\t<dd class='wp-caption-text gallery-caption' id='gallery-1-371'>\n\t\t\t\tMus\u00e9e des Beaux Arts\n\t\t\t\t<\/dd><\/dl><br style=\"clear: both\" \/><dl class='gallery-item'>\n\t\t\t<dt class='gallery-icon portrait'>\n\t\t\t\t<img loading=\"lazy\" decoding=\"async\" width=\"1125\" height=\"1406\" src=\"https:\/\/blog.ube.fr\/ajmgb\/wp-content\/uploads\/sites\/188\/2023\/05\/364226798_2686235321525095_8207985013149676324_n.jpg\" class=\"attachment-full size-full\" alt=\"\" aria-describedby=\"gallery-1-373\" srcset=\"https:\/\/blog.ube.fr\/ajmgb\/wp-content\/uploads\/sites\/188\/2023\/05\/364226798_2686235321525095_8207985013149676324_n.jpg 1125w, https:\/\/blog.ube.fr\/ajmgb\/wp-content\/uploads\/sites\/188\/2023\/05\/364226798_2686235321525095_8207985013149676324_n-240x300.jpg 240w, https:\/\/blog.ube.fr\/ajmgb\/wp-content\/uploads\/sites\/188\/2023\/05\/364226798_2686235321525095_8207985013149676324_n-819x1024.jpg 819w, https:\/\/blog.ube.fr\/ajmgb\/wp-content\/uploads\/sites\/188\/2023\/05\/364226798_2686235321525095_8207985013149676324_n-768x960.jpg 768w\" sizes=\"auto, (max-width: 1125px) 100vw, 1125px\" \/>\n\t\t\t<\/dt>\n\t\t\t\t<dd class='wp-caption-text gallery-caption' id='gallery-1-373'>\n\t\t\t\tEglise Notre-Dame de Dijon\n\t\t\t\t<\/dd><\/dl><dl class='gallery-item'>\n\t\t\t<dt class='gallery-icon portrait'>\n\t\t\t\t<img loading=\"lazy\" decoding=\"async\" width=\"1125\" height=\"1406\" src=\"https:\/\/blog.ube.fr\/ajmgb\/wp-content\/uploads\/sites\/188\/2023\/05\/364221658_680381683460303_7721940169189110082_n.jpg\" class=\"attachment-full size-full\" alt=\"\" aria-describedby=\"gallery-1-372\" srcset=\"https:\/\/blog.ube.fr\/ajmgb\/wp-content\/uploads\/sites\/188\/2023\/05\/364221658_680381683460303_7721940169189110082_n.jpg 1125w, https:\/\/blog.ube.fr\/ajmgb\/wp-content\/uploads\/sites\/188\/2023\/05\/364221658_680381683460303_7721940169189110082_n-240x300.jpg 240w, https:\/\/blog.ube.fr\/ajmgb\/wp-content\/uploads\/sites\/188\/2023\/05\/364221658_680381683460303_7721940169189110082_n-819x1024.jpg 819w, https:\/\/blog.ube.fr\/ajmgb\/wp-content\/uploads\/sites\/188\/2023\/05\/364221658_680381683460303_7721940169189110082_n-768x960.jpg 768w\" sizes=\"auto, (max-width: 1125px) 100vw, 1125px\" \/>\n\t\t\t<\/dt>\n\t\t\t\t<dd class='wp-caption-text gallery-caption' id='gallery-1-372'>\n\t\t\t\tGargouilles de l&#8217;Eglise\n\t\t\t\t<\/dd><\/dl><br style=\"clear: both\" \/>\n\t\t<\/div>\n\n<p><a href=\"https:\/\/blog.ube.fr\/ajmgb\/stages\/lieux-de-stage\/\"><span style=\"font-size: 10pt; color: #0000ff;\">Retour \u00e0 la liste des stages<\/span><\/a><\/p>\n","protected":false},"excerpt":{"rendered":"<p>\ud83c\udfe0 Logement : Le CHU de l&#8217;h\u00f4pital dispose d&#8217;une dizaine de places (acc\u00e8s possible mais non assur\u00e9). Beaucoup d\u2019annonces existent sinon pour sous-louer un appartement 6 mois sur Dijon. \ud83d\ude82 Transports : TER direct pour Autun (1h30), Nevers (3h30), Beaune (20min), Chalon (45min), M\u00e2con (1h) et Lyon (2h) TGV direct pour Besan\u00e7on (30min), Paris (1h45),&hellip;<\/p>\n<p class=\"more-link-p\"><a class=\"btn btn-primary\" href=\"https:\/\/blog.ube.fr\/ajmgb\/2023\/05\/28\/dijon\/\">Voir plus &rarr;<\/a><\/p>\n","protected":false},"author":4923,"featured_media":0,"comment_status":"open","ping_status":"open","sticky":false,"template":"","format":"standard","meta":{"_exactmetrics_skip_tracking":false,"_exactmetrics_sitenote_active":false,"_exactmetrics_sitenote_note":"","_exactmetrics_sitenote_category":0,"footnotes":""},"categories":[4],"tags":[],"class_list":["post-188","post","type-post","status-publish","format-standard","hentry","category-lieux-de-stage"],"_links":{"self":[{"href":"https:\/\/blog.ube.fr\/ajmgb\/wp-json\/wp\/v2\/posts\/188","targetHints":{"allow":["GET"]}}],"collection":[{"href":"https:\/\/blog.ube.fr\/ajmgb\/wp-json\/wp\/v2\/posts"}],"about":[{"href":"https:\/\/blog.ube.fr\/ajmgb\/wp-json\/wp\/v2\/types\/post"}],"author":[{"embeddable":true,"href":"https:\/\/blog.ube.fr\/ajmgb\/wp-json\/wp\/v2\/users\/4923"}],"replies":[{"embeddable":true,"href":"https:\/\/blog.ube.fr\/ajmgb\/wp-json\/wp\/v2\/comments?post=188"}],"version-history":[{"count":4,"href":"https:\/\/blog.ube.fr\/ajmgb\/wp-json\/wp\/v2\/posts\/188\/revisions"}],"predecessor-version":[{"id":644,"href":"https:\/\/blog.ube.fr\/ajmgb\/wp-json\/wp\/v2\/posts\/188\/revisions\/644"}],"wp:attachment":[{"href":"https:\/\/blog.ube.fr\/ajmgb\/wp-json\/wp\/v2\/media?parent=188"}],"wp:term":[{"taxonomy":"category","embeddable":true,"href":"https:\/\/blog.ube.fr\/ajmgb\/wp-json\/wp\/v2\/categories?post=188"},{"taxonomy":"post_tag","embeddable":true,"href":"https:\/\/blog.ube.fr\/ajmgb\/wp-json\/wp\/v2\/tags?post=188"}],"curies":[{"name":"wp","href":"https:\/\/api.w.org\/{rel}","templated":true}]}}