{"id":186,"date":"2023-05-28T12:42:28","date_gmt":"2023-05-28T10:42:28","guid":{"rendered":"https:\/\/blog.u-bourgogne.fr\/ajmgb\/?p=186"},"modified":"2023-09-02T19:43:23","modified_gmt":"2023-09-02T17:43:23","slug":"chalon-sur-saone","status":"publish","type":"post","link":"https:\/\/blog.ube.fr\/ajmgb\/2023\/05\/28\/chalon-sur-saone\/","title":{"rendered":"Chalon-sur-Sa\u00f4ne"},"content":{"rendered":"<p style=\"text-align: justify;\">\ud83c\udfe0 <strong>Logement<\/strong> :<\/p>\n<ul style=\"text-align: justify;\">\n<li><span data-sheets-value=\"{&quot;1&quot;:2,&quot;2&quot;:&quot;Internat de l'Ile saint Laurent : 25 places dont 3 studios avec kitchinette, certaines chambres avec sanitaires priv\u00e9s pour d'autres c'est commun. Accueille aussi les FFI. Probl\u00e8me actuel sur la nourriture, passage \u00e0 des denr\u00e9es alimentaires brutes au lieu des barquettes \u00e0 cause du gaspillage alimentaire et de la cr\u00e9ation du 2e internat mais une seule cuisine de petite taille pour tout le monde (des travaux sont pr\u00e9vus mais sous quel d\u00e9lai pour rajouter au moins des plaques de cuisson et changer les frigos). \\nNouvel internat du Canal : tout neuf, 2 salons et cuisines communes pour 13 chambres + 4 appartements de 2 chambres avec cuisine. Que des sanitaires priv\u00e9s.&quot;}\" data-sheets-userformat=\"{&quot;2&quot;:897,&quot;3&quot;:{&quot;1&quot;:0},&quot;10&quot;:1,&quot;11&quot;:4,&quot;12&quot;:0}\" data-sheets-textstyleruns=\"{&quot;1&quot;:0,&quot;2&quot;:{&quot;5&quot;:1}}\uee10{&quot;1&quot;:31}\uee10{&quot;1&quot;:515,&quot;2&quot;:{&quot;5&quot;:1}}\uee10{&quot;1&quot;:539}\"><em>Internat de l&#8217;Ile saint Laurent<\/em> : 25 places dont 3 studios avec kitchenette, certaines chambres avec sanitaires priv\u00e9s, pour d&#8217;autres c&#8217;est commun. Une cuisine partag\u00e9e.<\/span><\/li>\n<li><span data-sheets-value=\"{&quot;1&quot;:2,&quot;2&quot;:&quot;Internat de l'Ile saint Laurent : 25 places dont 3 studios avec kitchinette, certaines chambres avec sanitaires priv\u00e9s pour d'autres c'est commun. Accueille aussi les FFI. Probl\u00e8me actuel sur la nourriture, passage \u00e0 des denr\u00e9es alimentaires brutes au lieu des barquettes \u00e0 cause du gaspillage alimentaire et de la cr\u00e9ation du 2e internat mais une seule cuisine de petite taille pour tout le monde (des travaux sont pr\u00e9vus mais sous quel d\u00e9lai pour rajouter au moins des plaques de cuisson et changer les frigos). \\nNouvel internat du Canal : tout neuf, 2 salons et cuisines communes pour 13 chambres + 4 appartements de 2 chambres avec cuisine. Que des sanitaires priv\u00e9s.&quot;}\" data-sheets-userformat=\"{&quot;2&quot;:897,&quot;3&quot;:{&quot;1&quot;:0},&quot;10&quot;:1,&quot;11&quot;:4,&quot;12&quot;:0}\" data-sheets-textstyleruns=\"{&quot;1&quot;:0,&quot;2&quot;:{&quot;5&quot;:1}}\uee10{&quot;1&quot;:31}\uee10{&quot;1&quot;:515,&quot;2&quot;:{&quot;5&quot;:1}}\uee10{&quot;1&quot;:539}\"><em>Nouvel internat du Canal<\/em> : r\u00e9cemment refait \u00e0 neuf, 2 salons et cuisines communes pour 13 chambres + 4 appartements de 2 chambres avec cuisine. Que des sanitaires priv\u00e9s.<\/span><\/li>\n<\/ul>\n<hr \/>\n<p style=\"text-align: justify;\">\ud83d\ude82 <strong>Transports<\/strong> :<\/p>\n<ul style=\"text-align: justify;\">\n<li>Vers Dijon : 40min de TER \/ environ 50min en voiture.<\/li>\n<li>TER direct pour Paris (4h), Lyon (1h20), Le Creusot (1h), M\u00e2con (45mn) et TGV direct pour Beaune (20mn), Besan\u00e7on (1h), Strasbourg (3h), Nancy (4h) &#8230;<\/li>\n<\/ul>\n<hr \/>\n<p style=\"text-align: justify;\">\ud83c\udfad <strong>Vie Culturelle<\/strong> :<\/p>\n<ul style=\"text-align: justify;\">\n<li><a href=\"https:\/\/chalon.megarama.fr\/FR\/43\/horaires-cinema-megarama-chalon.html\" target=\"_blank\" rel=\"noopener\">Cin\u00e9ma M\u00e9garama<\/a> : aux portes du centre-ville, cin\u00e9ma disposant de 12 salles et d&#8217;un espace confiserie, le cin\u00e9ma diffuse une large s\u00e9lection de films en version fran\u00e7aise et en version originale sous-titr\u00e9e.<\/li>\n<li><em>Mus\u00e9es<\/em> :<a href=\"https:\/\/www.museeniepce.com\/\" target=\"_blank\" rel=\"noopener\"> <span style=\"text-decoration: underline;\">Mus\u00e9e Nic\u00e9phore Ni\u00e9pce,<\/span><\/a> enti\u00e8rement consacr\u00e9 \u00e0 la photographie, depuis l\u2019invention par Ni\u00e9pce jusqu\u2019\u00e0 l\u2019image num\u00e9rique. Le mus\u00e9e Nic\u00e9phore Ni\u00e9pce poss\u00e8de le fonds photographique le plus prestigieux d\u2019Europe. <a href=\"https:\/\/www.museedenon.com\/\" target=\"_blank\" rel=\"noopener\"><span style=\"text-decoration: underline;\">Mus\u00e9e Vivant Denon<\/span><\/a>, il pr\u00e9sente des collections des beaux-arts, d\u2019arch\u00e9ologie et de sciences naturelles.<\/li>\n<\/ul>\n<hr \/>\n<div id='gallery-1' class='gallery galleryid-186 gallery-columns-2 gallery-size-full'><dl class='gallery-item'>\n\t\t\t<dt class='gallery-icon landscape'>\n\t\t\t\t<img loading=\"lazy\" decoding=\"async\" width=\"1707\" height=\"1138\" src=\"https:\/\/blog.ube.fr\/ajmgb\/wp-content\/uploads\/sites\/188\/2023\/05\/place-de-la-place-de-la-repan-de-bois-reflets-teddy-picaude-1920x1391-1.jpg\" class=\"attachment-full size-full\" alt=\"\" aria-describedby=\"gallery-1-366\" srcset=\"https:\/\/blog.ube.fr\/ajmgb\/wp-content\/uploads\/sites\/188\/2023\/05\/place-de-la-place-de-la-repan-de-bois-reflets-teddy-picaude-1920x1391-1.jpg 1707w, https:\/\/blog.ube.fr\/ajmgb\/wp-content\/uploads\/sites\/188\/2023\/05\/place-de-la-place-de-la-repan-de-bois-reflets-teddy-picaude-1920x1391-1-300x200.jpg 300w, https:\/\/blog.ube.fr\/ajmgb\/wp-content\/uploads\/sites\/188\/2023\/05\/place-de-la-place-de-la-repan-de-bois-reflets-teddy-picaude-1920x1391-1-1024x683.jpg 1024w, https:\/\/blog.ube.fr\/ajmgb\/wp-content\/uploads\/sites\/188\/2023\/05\/place-de-la-place-de-la-repan-de-bois-reflets-teddy-picaude-1920x1391-1-768x512.jpg 768w, https:\/\/blog.ube.fr\/ajmgb\/wp-content\/uploads\/sites\/188\/2023\/05\/place-de-la-place-de-la-repan-de-bois-reflets-teddy-picaude-1920x1391-1-1536x1024.jpg 1536w\" sizes=\"auto, (max-width: 1707px) 100vw, 1707px\" \/>\n\t\t\t<\/dt>\n\t\t\t\t<dd class='wp-caption-text gallery-caption' id='gallery-1-366'>\n\t\t\t\tPlace de la R\u00e9publique\n\t\t\t\t<\/dd><\/dl><dl class='gallery-item'>\n\t\t\t<dt class='gallery-icon landscape'>\n\t\t\t\t<img loading=\"lazy\" decoding=\"async\" width=\"839\" height=\"472\" src=\"https:\/\/blog.ube.fr\/ajmgb\/wp-content\/uploads\/sites\/188\/2023\/05\/csm_CHALON-SUR-SAONE-CREDIT-JEAN-LUC-PETIT-r_01_6dfdd72e66-1.jpg\" class=\"attachment-full size-full\" alt=\"\" aria-describedby=\"gallery-1-368\" srcset=\"https:\/\/blog.ube.fr\/ajmgb\/wp-content\/uploads\/sites\/188\/2023\/05\/csm_CHALON-SUR-SAONE-CREDIT-JEAN-LUC-PETIT-r_01_6dfdd72e66-1.jpg 839w, https:\/\/blog.ube.fr\/ajmgb\/wp-content\/uploads\/sites\/188\/2023\/05\/csm_CHALON-SUR-SAONE-CREDIT-JEAN-LUC-PETIT-r_01_6dfdd72e66-1-300x169.jpg 300w, https:\/\/blog.ube.fr\/ajmgb\/wp-content\/uploads\/sites\/188\/2023\/05\/csm_CHALON-SUR-SAONE-CREDIT-JEAN-LUC-PETIT-r_01_6dfdd72e66-1-768x432.jpg 768w\" sizes=\"auto, (max-width: 839px) 100vw, 839px\" \/>\n\t\t\t<\/dt>\n\t\t\t\t<dd class='wp-caption-text gallery-caption' id='gallery-1-368'>\n\t\t\t\tCentre Ville\n\t\t\t\t<\/dd><\/dl><br style=\"clear: both\" \/>\n\t\t<\/div>\n\n<p><a href=\"https:\/\/blog.ube.fr\/ajmgb\/stages\/lieux-de-stage\/\"><span style=\"font-size: 10pt; color: #0000ff;\">Retour \u00e0 la liste des stages<\/span><\/a><\/p>\n","protected":false},"excerpt":{"rendered":"<p>\ud83c\udfe0 Logement : Internat de l&#8217;Ile saint Laurent : 25 places dont 3 studios avec kitchenette, certaines chambres avec sanitaires priv\u00e9s, pour d&#8217;autres c&#8217;est commun. Une cuisine partag\u00e9e. Nouvel internat du Canal : r\u00e9cemment refait \u00e0 neuf, 2 salons et cuisines communes pour 13 chambres + 4 appartements de 2 chambres avec cuisine. Que des&hellip;<\/p>\n<p class=\"more-link-p\"><a class=\"btn btn-primary\" href=\"https:\/\/blog.ube.fr\/ajmgb\/2023\/05\/28\/chalon-sur-saone\/\">Voir plus &rarr;<\/a><\/p>\n","protected":false},"author":4923,"featured_media":0,"comment_status":"open","ping_status":"open","sticky":false,"template":"","format":"standard","meta":{"_exactmetrics_skip_tracking":false,"_exactmetrics_sitenote_active":false,"_exactmetrics_sitenote_note":"","_exactmetrics_sitenote_category":0,"footnotes":""},"categories":[4],"tags":[],"class_list":["post-186","post","type-post","status-publish","format-standard","hentry","category-lieux-de-stage"],"_links":{"self":[{"href":"https:\/\/blog.ube.fr\/ajmgb\/wp-json\/wp\/v2\/posts\/186","targetHints":{"allow":["GET"]}}],"collection":[{"href":"https:\/\/blog.ube.fr\/ajmgb\/wp-json\/wp\/v2\/posts"}],"about":[{"href":"https:\/\/blog.ube.fr\/ajmgb\/wp-json\/wp\/v2\/types\/post"}],"author":[{"embeddable":true,"href":"https:\/\/blog.ube.fr\/ajmgb\/wp-json\/wp\/v2\/users\/4923"}],"replies":[{"embeddable":true,"href":"https:\/\/blog.ube.fr\/ajmgb\/wp-json\/wp\/v2\/comments?post=186"}],"version-history":[{"count":4,"href":"https:\/\/blog.ube.fr\/ajmgb\/wp-json\/wp\/v2\/posts\/186\/revisions"}],"predecessor-version":[{"id":643,"href":"https:\/\/blog.ube.fr\/ajmgb\/wp-json\/wp\/v2\/posts\/186\/revisions\/643"}],"wp:attachment":[{"href":"https:\/\/blog.ube.fr\/ajmgb\/wp-json\/wp\/v2\/media?parent=186"}],"wp:term":[{"taxonomy":"category","embeddable":true,"href":"https:\/\/blog.ube.fr\/ajmgb\/wp-json\/wp\/v2\/categories?post=186"},{"taxonomy":"post_tag","embeddable":true,"href":"https:\/\/blog.ube.fr\/ajmgb\/wp-json\/wp\/v2\/tags?post=186"}],"curies":[{"name":"wp","href":"https:\/\/api.w.org\/{rel}","templated":true}]}}