{"id":181,"date":"2023-05-28T12:41:39","date_gmt":"2023-05-28T10:41:39","guid":{"rendered":"https:\/\/blog.u-bourgogne.fr\/ajmgb\/?p=181"},"modified":"2023-09-02T19:40:33","modified_gmt":"2023-09-02T17:40:33","slug":"avallon","status":"publish","type":"post","link":"https:\/\/blog.ube.fr\/ajmgb\/2023\/05\/28\/avallon\/","title":{"rendered":"Avallon"},"content":{"rendered":"<hr \/>\n<p style=\"text-align: justify;\">\ud83c\udfe0 <strong>Logement<\/strong> : La ville d&#8217;Avallon a inaugur\u00e9 en 2023 une nouvelle <a href=\"https:\/\/avallonnais.fr\/vivre-ici\/mes\/\" target=\"_blank\" rel=\"noopener\">Maison des \u00e9tudiants en sant\u00e9<\/a> dans un a<span data-sheets-value=\"{&quot;1&quot;:2,&quot;2&quot;:&quot;Ancien b\u00e2timent, qui a une tr\u00e8s belle fa\u00e7ade. L'int\u00e9rieur est totalement neuf et meubl\u00e9 avec lit double dans les plus grands studios, salle de\\n bain\/WC et kitchenette+vaisselles dans tous les studios. Remis \u00e0 neuf et inaugur\u00e9 en 2023.&quot;}\" data-sheets-userformat=\"{&quot;2&quot;:15297,&quot;3&quot;:{&quot;1&quot;:0},&quot;9&quot;:0,&quot;10&quot;:1,&quot;11&quot;:4,&quot;12&quot;:0,&quot;14&quot;:{&quot;1&quot;:2,&quot;2&quot;:0},&quot;15&quot;:&quot;Arial&quot;,&quot;16&quot;:10}\">ncien b\u00e2timent, qui a une tr\u00e8s belle fa\u00e7ade. L&#8217;int\u00e9rieur est totalement neuf et meubl\u00e9 avec 10 studios ind\u00e9pendants compos\u00e9s d&#8217;un lit double dans les plus grands studios, d&#8217;une salle de bain\/WC et kitchenette + vaisselle dans tous les studios. Un grand salon, une buanderie et une grande cuisine sont \u00e9galement accessibles \u00e0 tous.<\/span><\/p>\n<hr \/>\n<p style=\"text-align: justify;\">\ud83d\ude82 <strong>Transports<\/strong> :<\/p>\n<ul style=\"text-align: justify;\">\n<li>Vers Dijon : 3h de TER avec une correspondance \u00e0 Auxerre \/ environ 1h30 en voiture.<\/li>\n<li>TER direct pour Auxerre (1h) et Paris (3h20).<\/li>\n<\/ul>\n<hr \/>\n<p style=\"text-align: justify;\">\ud83c\udfad <strong>Vie Culturelle<\/strong> :<\/p>\n<ul style=\"text-align: justify;\">\n<li><a href=\"https:\/\/ville-avallon.fr\/cinema-le-vauban\/\" target=\"_blank\" rel=\"noopener\"><em>Cin\u00e9ma <\/em><em>Le Vauban <\/em><\/a>: Un cin\u00e9ma agr\u00e9able avec 2 salles qui propose un large choix de films en tout genre.<\/li>\n<li><em>Mus\u00e9es<\/em> : <a href=\"https:\/\/ville-avallon.fr\/musee-du-costume-2\/\" target=\"_blank\" rel=\"noopener\"><span style=\"text-decoration: underline;\">Mus\u00e9e du Costume,<\/span><\/a> dans le cadre d\u2019un h\u00f4tel particulier des XVIIe et XVIIIe si\u00e8cles pr\u00e9sente chaque ann\u00e9e une nouvelle exposition consacr\u00e9e aux costumes d\u2019\u00e9poque. <a href=\"https:\/\/ville-avallon.fr\/musee-de-lavallonnais-jean-despres\/\" target=\"_blank\" rel=\"noopener\">Mus\u00e9e de l\u2019Avallonnais Jean Despr\u00e9s<\/a>, install\u00e9 au c\u0153ur du centre historique de la ville, pr\u00e9sente des collections ax\u00e9es sur le territoire : arch\u00e9ologie et beaux-arts avec notamment des \u0153uvres de l\u2019orf\u00e8vre Jean Despr\u00e9s.<\/li>\n<\/ul>\n<hr \/>\n<div id='gallery-1' class='gallery galleryid-181 gallery-columns-3 gallery-size-full'><dl class='gallery-item'>\n\t\t\t<dt class='gallery-icon portrait'>\n\t\t\t\t<img loading=\"lazy\" decoding=\"async\" width=\"300\" height=\"356\" src=\"https:\/\/blog.ube.fr\/ajmgb\/wp-content\/uploads\/sites\/188\/2023\/05\/bourgogne1.jpg\" class=\"attachment-full size-full\" alt=\"\" srcset=\"https:\/\/blog.ube.fr\/ajmgb\/wp-content\/uploads\/sites\/188\/2023\/05\/bourgogne1.jpg 300w, https:\/\/blog.ube.fr\/ajmgb\/wp-content\/uploads\/sites\/188\/2023\/05\/bourgogne1-253x300.jpg 253w\" sizes=\"auto, (max-width: 300px) 100vw, 300px\" \/>\n\t\t\t<\/dt><\/dl><dl class='gallery-item'>\n\t\t\t<dt class='gallery-icon landscape'>\n\t\t\t\t<img loading=\"lazy\" decoding=\"async\" width=\"1920\" height=\"1446\" src=\"https:\/\/blog.ube.fr\/ajmgb\/wp-content\/uploads\/sites\/188\/2023\/05\/Maison-des-etudiants-en-sante.jpg\" class=\"attachment-full size-full\" alt=\"\" aria-describedby=\"gallery-1-332\" srcset=\"https:\/\/blog.ube.fr\/ajmgb\/wp-content\/uploads\/sites\/188\/2023\/05\/Maison-des-etudiants-en-sante.jpg 1920w, https:\/\/blog.ube.fr\/ajmgb\/wp-content\/uploads\/sites\/188\/2023\/05\/Maison-des-etudiants-en-sante-300x226.jpg 300w, https:\/\/blog.ube.fr\/ajmgb\/wp-content\/uploads\/sites\/188\/2023\/05\/Maison-des-etudiants-en-sante-1024x771.jpg 1024w, https:\/\/blog.ube.fr\/ajmgb\/wp-content\/uploads\/sites\/188\/2023\/05\/Maison-des-etudiants-en-sante-768x578.jpg 768w, https:\/\/blog.ube.fr\/ajmgb\/wp-content\/uploads\/sites\/188\/2023\/05\/Maison-des-etudiants-en-sante-1536x1157.jpg 1536w\" sizes=\"auto, (max-width: 1920px) 100vw, 1920px\" \/>\n\t\t\t<\/dt>\n\t\t\t\t<dd class='wp-caption-text gallery-caption' id='gallery-1-332'>\n\t\t\t\tMaison des Etudiants en Sant\u00e9\n\t\t\t\t<\/dd><\/dl><dl class='gallery-item'>\n\t\t\t<dt class='gallery-icon landscape'>\n\t\t\t\t<img loading=\"lazy\" decoding=\"async\" width=\"992\" height=\"744\" src=\"https:\/\/blog.ube.fr\/ajmgb\/wp-content\/uploads\/sites\/188\/2023\/05\/centre-ville-3.jpg\" class=\"attachment-full size-full\" alt=\"\" aria-describedby=\"gallery-1-333\" srcset=\"https:\/\/blog.ube.fr\/ajmgb\/wp-content\/uploads\/sites\/188\/2023\/05\/centre-ville-3.jpg 992w, https:\/\/blog.ube.fr\/ajmgb\/wp-content\/uploads\/sites\/188\/2023\/05\/centre-ville-3-300x225.jpg 300w, https:\/\/blog.ube.fr\/ajmgb\/wp-content\/uploads\/sites\/188\/2023\/05\/centre-ville-3-768x576.jpg 768w\" sizes=\"auto, (max-width: 992px) 100vw, 992px\" \/>\n\t\t\t<\/dt>\n\t\t\t\t<dd class='wp-caption-text gallery-caption' id='gallery-1-333'>\n\t\t\t\tCentre Ville\n\t\t\t\t<\/dd><\/dl><br style=\"clear: both\" \/>\n\t\t<\/div>\n\n<p><a href=\"https:\/\/blog.ube.fr\/ajmgb\/stages\/lieux-de-stage\/\"><span style=\"font-size: 10pt; color: #0000ff;\">Retour \u00e0 la liste des stages<\/span><\/a><\/p>\n","protected":false},"excerpt":{"rendered":"<p>\ud83c\udfe0 Logement : La ville d&#8217;Avallon a inaugur\u00e9 en 2023 une nouvelle Maison des \u00e9tudiants en sant\u00e9 dans un ancien b\u00e2timent, qui a une tr\u00e8s belle fa\u00e7ade. L&#8217;int\u00e9rieur est totalement neuf et meubl\u00e9 avec 10 studios ind\u00e9pendants compos\u00e9s d&#8217;un lit double dans les plus grands studios, d&#8217;une salle de bain\/WC et kitchenette + vaisselle dans&hellip;<\/p>\n<p class=\"more-link-p\"><a class=\"btn btn-primary\" href=\"https:\/\/blog.ube.fr\/ajmgb\/2023\/05\/28\/avallon\/\">Voir plus &rarr;<\/a><\/p>\n","protected":false},"author":4923,"featured_media":0,"comment_status":"open","ping_status":"open","sticky":false,"template":"","format":"standard","meta":{"_exactmetrics_skip_tracking":false,"_exactmetrics_sitenote_active":false,"_exactmetrics_sitenote_note":"","_exactmetrics_sitenote_category":0,"footnotes":""},"categories":[4],"tags":[],"class_list":["post-181","post","type-post","status-publish","format-standard","hentry","category-lieux-de-stage"],"_links":{"self":[{"href":"https:\/\/blog.ube.fr\/ajmgb\/wp-json\/wp\/v2\/posts\/181","targetHints":{"allow":["GET"]}}],"collection":[{"href":"https:\/\/blog.ube.fr\/ajmgb\/wp-json\/wp\/v2\/posts"}],"about":[{"href":"https:\/\/blog.ube.fr\/ajmgb\/wp-json\/wp\/v2\/types\/post"}],"author":[{"embeddable":true,"href":"https:\/\/blog.ube.fr\/ajmgb\/wp-json\/wp\/v2\/users\/4923"}],"replies":[{"embeddable":true,"href":"https:\/\/blog.ube.fr\/ajmgb\/wp-json\/wp\/v2\/comments?post=181"}],"version-history":[{"count":7,"href":"https:\/\/blog.ube.fr\/ajmgb\/wp-json\/wp\/v2\/posts\/181\/revisions"}],"predecessor-version":[{"id":641,"href":"https:\/\/blog.ube.fr\/ajmgb\/wp-json\/wp\/v2\/posts\/181\/revisions\/641"}],"wp:attachment":[{"href":"https:\/\/blog.ube.fr\/ajmgb\/wp-json\/wp\/v2\/media?parent=181"}],"wp:term":[{"taxonomy":"category","embeddable":true,"href":"https:\/\/blog.ube.fr\/ajmgb\/wp-json\/wp\/v2\/categories?post=181"},{"taxonomy":"post_tag","embeddable":true,"href":"https:\/\/blog.ube.fr\/ajmgb\/wp-json\/wp\/v2\/tags?post=181"}],"curies":[{"name":"wp","href":"https:\/\/api.w.org\/{rel}","templated":true}]}}