{"id":179,"date":"2023-05-28T12:34:07","date_gmt":"2023-05-28T10:34:07","guid":{"rendered":"https:\/\/blog.u-bourgogne.fr\/ajmgb\/?p=179"},"modified":"2023-09-02T19:39:18","modified_gmt":"2023-09-02T17:39:18","slug":"auxerre","status":"publish","type":"post","link":"https:\/\/blog.ube.fr\/ajmgb\/2023\/05\/28\/auxerre\/","title":{"rendered":"Auxerre"},"content":{"rendered":"<hr \/>\n<p style=\"text-align: justify;\">\ud83c\udfe0 <strong>Logement<\/strong> : <span data-sheets-value=\"{&quot;1&quot;:2,&quot;2&quot;:&quot;- Cuisine : un grand self avec une plaque \u00e9lectrique amovible pour 25 personnes, pas d'acc\u00e8s \u00e0 l'office le soir et livraison de plateaux repas pour le soir et le weekend. Un grand frigo pour 25 personnes \u00e9galement, espace de stockage insuffisant.\\n- pas assez de logements pour tous les internes (environ 40 internes affect\u00e9s chaque semestre et seulement 25 places sans autre solutionpropos\u00e9e en ville, notamment pour les internes en ambulatoire ou les internes en couple. 3 studios dans l'internat qui sont souvent r\u00e9serv\u00e9s de mani\u00e8re prioritaire \u00e0 des praticiens associ\u00e9s ou des Docteur Junior. Les externes sont log\u00e9s \u00e0 l'IFSI avec des FFI plus ag\u00e9s.&quot;}\" data-sheets-userformat=\"{&quot;2&quot;:897,&quot;3&quot;:{&quot;1&quot;:0},&quot;10&quot;:1,&quot;11&quot;:4,&quot;12&quot;:0}\">Le Centre Hospitalier d&#8217;Auxerre dispose d&#8217;un grand internat pouvant accueillir jusqu&#8217;\u00e0 25 personnes. Chaque chambre dispose d&#8217;une salle de bain, d&#8217;un bureau, d&#8217;un lit double, d&#8217;un bureau et d&#8217;un grand placard. Un petit espace commun est mis \u00e0 disposition des internes sous la forme d&#8217;un salon t\u00e9l\u00e9 avec un babyfoot. C\u00f4t\u00e9 cuisine, celle-ci fait fonction de self pour les m\u00e9decins et les internes de l&#8217;h\u00f4pital au d\u00e9jeuner durant la semaine et des plateaux repas sont livr\u00e9s le soir si on le souhaite. Un grand frigo partag\u00e9 est accessible aux internes dans la buanderie. <\/span><\/p>\n<p style=\"text-align: justify;\"><span data-sheets-value=\"{&quot;1&quot;:2,&quot;2&quot;:&quot;- Cuisine : un grand self avec une plaque \u00e9lectrique amovible pour 25 personnes, pas d'acc\u00e8s \u00e0 l'office le soir et livraison de plateaux repas pour le soir et le weekend. Un grand frigo pour 25 personnes \u00e9galement, espace de stockage insuffisant.\\n- pas assez de logements pour tous les internes (environ 40 internes affect\u00e9s chaque semestre et seulement 25 places sans autre solutionpropos\u00e9e en ville, notamment pour les internes en ambulatoire ou les internes en couple. 3 studios dans l'internat qui sont souvent r\u00e9serv\u00e9s de mani\u00e8re prioritaire \u00e0 des praticiens associ\u00e9s ou des Docteur Junior. Les externes sont log\u00e9s \u00e0 l'IFSI avec des FFI plus ag\u00e9s.&quot;}\" data-sheets-userformat=\"{&quot;2&quot;:897,&quot;3&quot;:{&quot;1&quot;:0},&quot;10&quot;:1,&quot;11&quot;:4,&quot;12&quot;:0}\">A noter qu&#8217;il est parfois difficile d&#8217;obtenir une place dans cet internat, notamment pour les internes en ambulatoire, car malgr\u00e9 le grand nombre de chambres mises \u00e0 disposition, cela n&#8217;est pas toujours suffisant pour accueillir tout le monde.<\/span><\/p>\n<hr \/>\n<p style=\"text-align: justify;\">\ud83d\ude82 <strong>Transports<\/strong> :<\/p>\n<ul style=\"text-align: justify;\">\n<li>Vers Dijon : 2h de TER, direct ou avec un changement selon les horaires \/ environ 1h30 en voiture.<\/li>\n<li>TER direct pour Paris (2h), Dijon et Avallon.<\/li>\n<\/ul>\n<hr \/>\n<p style=\"text-align: justify;\">\ud83c\udfad <strong>Vie Culturelle<\/strong> :<\/p>\n<ul style=\"text-align: justify;\">\n<li><a href=\"https:\/\/www.cgrcinemas.fr\/cinema\/p0331-cgr-auxerre\/\" target=\"_blank\" rel=\"noopener\"><em>Cin\u00e9ma CGR Auxerre<\/em>\u00a0<\/a>: Un cin\u00e9ma moderne avec 8 salles et un comptoir de confiseries qui propose un large choix de films aussi bien en version fran\u00e7ais qu&#8217;en version originale sous-titr\u00e9e.<\/li>\n<li><a href=\"https:\/\/www.ot-auxerre.fr\/offres\/abbaye-saint-germain-auxerre-fr-2582704\/\" target=\"_blank\" rel=\"noopener\"><em>Abbaye Saint Germain<\/em><\/a> : Complexe monastique fond\u00e9 au Ve si\u00e8cle. N\u00e9cropole des \u00e9v\u00eaques d\u2019Auxerre, abrite \u00e9galement un <a href=\"https:\/\/www.ot-auxerre.fr\/touristic_sheet\/musee-dart-et-dhistoire-auxerre-fr-2582686\/\" target=\"_blank\" rel=\"noopener\">mus\u00e9e d\u2019Art et d\u2019Histoire<\/a>, qui retrace l\u2019histoire de la ville depuis la Pr\u00e9histoire jusqu\u2019\u00e0 l\u2019\u00e9poque m\u00e9di\u00e9vale.<\/li>\n<li><em>Mus\u00e9es<\/em> : <span style=\"text-decoration: underline;\"><a href=\"https:\/\/www.auxerre.fr\/Attractive\/Les-grands-equipements\/Les-equipements-culturels\/Museum\" target=\"_blank\" rel=\"noopener\">Le Mus\u00e9um<\/a><\/span> d&#8217;histoire naturelle raconte la <strong>biodiversit\u00e9 actuelle et pass\u00e9e <\/strong>de la r\u00e9gion. Le <span style=\"text-decoration: underline;\"><a href=\"https:\/\/www.auxerre.fr\/Animee\/Culture\/Annuaire-des-structures-culturelles\/Musee-Leblanc-Duvernoy\" target=\"_blank\" rel=\"noopener\">Mus\u00e9e Leblanc-Duvernoy<\/a><\/span>, a<span class=\"establishment-light-description\">ncien h\u00f4tel particulier du XVIIIe si\u00e8cle, abrite d\u00e9sormais une importante collection de c\u00e9ramique ainsi qu&#8217;un d\u00e9cor de tapisseries du XVIIIe si\u00e8cle.<\/span><br \/>\n<hr \/>\n<div id='gallery-1' class='gallery galleryid-179 gallery-columns-4 gallery-size-full'><dl class='gallery-item'>\n\t\t\t<dt class='gallery-icon portrait'>\n\t\t\t\t<a href='https:\/\/blog.ube.fr\/ajmgb\/2023\/05\/28\/auxerre\/bourgogne-fleurie_carte\/'><img loading=\"lazy\" decoding=\"async\" width=\"575\" height=\"713\" src=\"https:\/\/blog.ube.fr\/ajmgb\/wp-content\/uploads\/sites\/188\/2023\/05\/bourgogne-fleurie_carte.jpg\" class=\"attachment-full size-full\" alt=\"\" aria-describedby=\"gallery-1-305\" srcset=\"https:\/\/blog.ube.fr\/ajmgb\/wp-content\/uploads\/sites\/188\/2023\/05\/bourgogne-fleurie_carte.jpg 575w, https:\/\/blog.ube.fr\/ajmgb\/wp-content\/uploads\/sites\/188\/2023\/05\/bourgogne-fleurie_carte-242x300.jpg 242w\" sizes=\"auto, (max-width: 575px) 100vw, 575px\" \/><\/a>\n\t\t\t<\/dt>\n\t\t\t\t<dd class='wp-caption-text gallery-caption' id='gallery-1-305'>\n\t\t\t\tAuxerre en Bourgogne\n\t\t\t\t<\/dd><\/dl><dl class='gallery-item'>\n\t\t\t<dt class='gallery-icon landscape'>\n\t\t\t\t<a href='https:\/\/blog.ube.fr\/ajmgb\/2023\/05\/28\/auxerre\/eglise-saint-germain-dauxerre-89-1920x1184-2\/'><img loading=\"lazy\" decoding=\"async\" width=\"1579\" height=\"1184\" src=\"https:\/\/blog.ube.fr\/ajmgb\/wp-content\/uploads\/sites\/188\/2023\/05\/eglise-saint-germain-dauxerre-89-1920x1184-2.jpg\" class=\"attachment-full size-full\" alt=\"\" aria-describedby=\"gallery-1-308\" srcset=\"https:\/\/blog.ube.fr\/ajmgb\/wp-content\/uploads\/sites\/188\/2023\/05\/eglise-saint-germain-dauxerre-89-1920x1184-2.jpg 1579w, https:\/\/blog.ube.fr\/ajmgb\/wp-content\/uploads\/sites\/188\/2023\/05\/eglise-saint-germain-dauxerre-89-1920x1184-2-300x225.jpg 300w, https:\/\/blog.ube.fr\/ajmgb\/wp-content\/uploads\/sites\/188\/2023\/05\/eglise-saint-germain-dauxerre-89-1920x1184-2-1024x768.jpg 1024w, https:\/\/blog.ube.fr\/ajmgb\/wp-content\/uploads\/sites\/188\/2023\/05\/eglise-saint-germain-dauxerre-89-1920x1184-2-e1690916262635-150x113.jpg 150w, https:\/\/blog.ube.fr\/ajmgb\/wp-content\/uploads\/sites\/188\/2023\/05\/eglise-saint-germain-dauxerre-89-1920x1184-2-768x576.jpg 768w, https:\/\/blog.ube.fr\/ajmgb\/wp-content\/uploads\/sites\/188\/2023\/05\/eglise-saint-germain-dauxerre-89-1920x1184-2-1536x1152.jpg 1536w\" sizes=\"auto, (max-width: 1579px) 100vw, 1579px\" \/><\/a>\n\t\t\t<\/dt>\n\t\t\t\t<dd class='wp-caption-text gallery-caption' id='gallery-1-308'>\n\t\t\t\tCath\u00e9drale Saint Germain\n\t\t\t\t<\/dd><\/dl><dl class='gallery-item'>\n\t\t\t<dt class='gallery-icon landscape'>\n\t\t\t\t<a href='https:\/\/blog.ube.fr\/ajmgb\/2023\/05\/28\/auxerre\/vue-drone-2\/'><img loading=\"lazy\" decoding=\"async\" width=\"800\" height=\"600\" src=\"https:\/\/blog.ube.fr\/ajmgb\/wp-content\/uploads\/sites\/188\/2023\/05\/Vue-drone-1.jpg\" class=\"attachment-full size-full\" alt=\"\" aria-describedby=\"gallery-1-309\" srcset=\"https:\/\/blog.ube.fr\/ajmgb\/wp-content\/uploads\/sites\/188\/2023\/05\/Vue-drone-1.jpg 800w, https:\/\/blog.ube.fr\/ajmgb\/wp-content\/uploads\/sites\/188\/2023\/05\/Vue-drone-1-300x225.jpg 300w, https:\/\/blog.ube.fr\/ajmgb\/wp-content\/uploads\/sites\/188\/2023\/05\/Vue-drone-1-768x576.jpg 768w\" sizes=\"auto, (max-width: 800px) 100vw, 800px\" \/><\/a>\n\t\t\t<\/dt>\n\t\t\t\t<dd class='wp-caption-text gallery-caption' id='gallery-1-309'>\n\t\t\t\tVue a\u00e9rienne du centre-ville\n\t\t\t\t<\/dd><\/dl><dl class='gallery-item'>\n\t\t\t<dt class='gallery-icon landscape'>\n\t\t\t\t<a href='https:\/\/blog.ube.fr\/ajmgb\/2023\/05\/28\/auxerre\/centre-ville-2\/'><img loading=\"lazy\" decoding=\"async\" width=\"752\" height=\"564\" src=\"https:\/\/blog.ube.fr\/ajmgb\/wp-content\/uploads\/sites\/188\/2023\/05\/Centre-ville-1.jpg\" class=\"attachment-full size-full\" alt=\"\" aria-describedby=\"gallery-1-310\" srcset=\"https:\/\/blog.ube.fr\/ajmgb\/wp-content\/uploads\/sites\/188\/2023\/05\/Centre-ville-1.jpg 752w, https:\/\/blog.ube.fr\/ajmgb\/wp-content\/uploads\/sites\/188\/2023\/05\/Centre-ville-1-300x225.jpg 300w\" sizes=\"auto, (max-width: 752px) 100vw, 752px\" \/><\/a>\n\t\t\t<\/dt>\n\t\t\t\t<dd class='wp-caption-text gallery-caption' id='gallery-1-310'>\n\t\t\t\tCentre ville\n\t\t\t\t<\/dd><\/dl><br style=\"clear: both\" \/>\n\t\t<\/div>\n\n<p><a href=\"https:\/\/blog.ube.fr\/ajmgb\/stages\/lieux-de-stage\/\"><span style=\"font-size: 10pt; color: #0000ff;\">Retour \u00e0 la liste des stages<\/span><\/a><\/li>\n<\/ul>\n","protected":false},"excerpt":{"rendered":"<p>\ud83c\udfe0 Logement : Le Centre Hospitalier d&#8217;Auxerre dispose d&#8217;un grand internat pouvant accueillir jusqu&#8217;\u00e0 25 personnes. Chaque chambre dispose d&#8217;une salle de bain, d&#8217;un bureau, d&#8217;un lit double, d&#8217;un bureau et d&#8217;un grand placard. Un petit espace commun est mis \u00e0 disposition des internes sous la forme d&#8217;un salon t\u00e9l\u00e9 avec un babyfoot. C\u00f4t\u00e9 cuisine,&hellip;<\/p>\n<p class=\"more-link-p\"><a class=\"btn btn-primary\" href=\"https:\/\/blog.ube.fr\/ajmgb\/2023\/05\/28\/auxerre\/\">Voir plus &rarr;<\/a><\/p>\n","protected":false},"author":4923,"featured_media":0,"comment_status":"open","ping_status":"open","sticky":false,"template":"","format":"standard","meta":{"_exactmetrics_skip_tracking":false,"_exactmetrics_sitenote_active":false,"_exactmetrics_sitenote_note":"","_exactmetrics_sitenote_category":0,"footnotes":""},"categories":[4],"tags":[],"class_list":["post-179","post","type-post","status-publish","format-standard","hentry","category-lieux-de-stage"],"_links":{"self":[{"href":"https:\/\/blog.ube.fr\/ajmgb\/wp-json\/wp\/v2\/posts\/179","targetHints":{"allow":["GET"]}}],"collection":[{"href":"https:\/\/blog.ube.fr\/ajmgb\/wp-json\/wp\/v2\/posts"}],"about":[{"href":"https:\/\/blog.ube.fr\/ajmgb\/wp-json\/wp\/v2\/types\/post"}],"author":[{"embeddable":true,"href":"https:\/\/blog.ube.fr\/ajmgb\/wp-json\/wp\/v2\/users\/4923"}],"replies":[{"embeddable":true,"href":"https:\/\/blog.ube.fr\/ajmgb\/wp-json\/wp\/v2\/comments?post=179"}],"version-history":[{"count":7,"href":"https:\/\/blog.ube.fr\/ajmgb\/wp-json\/wp\/v2\/posts\/179\/revisions"}],"predecessor-version":[{"id":640,"href":"https:\/\/blog.ube.fr\/ajmgb\/wp-json\/wp\/v2\/posts\/179\/revisions\/640"}],"wp:attachment":[{"href":"https:\/\/blog.ube.fr\/ajmgb\/wp-json\/wp\/v2\/media?parent=179"}],"wp:term":[{"taxonomy":"category","embeddable":true,"href":"https:\/\/blog.ube.fr\/ajmgb\/wp-json\/wp\/v2\/categories?post=179"},{"taxonomy":"post_tag","embeddable":true,"href":"https:\/\/blog.ube.fr\/ajmgb\/wp-json\/wp\/v2\/tags?post=179"}],"curies":[{"name":"wp","href":"https:\/\/api.w.org\/{rel}","templated":true}]}}